{"id":19375,"date":"2018-08-04T19:25:35","date_gmt":"2018-08-04T22:25:35","guid":{"rendered":"http:\/\/www.maisbn.com\/portal\/?p=19375"},"modified":"2018-08-04T19:25:35","modified_gmt":"2018-08-04T22:25:35","slug":"policia-militar-prende-individuo-traficando-drogas-em-belmonte","status":"publish","type":"post","link":"https:\/\/www.maisbn.com\/portal\/2018\/08\/policia-militar-prende-individuo-traficando-drogas-em-belmonte\/","title":{"rendered":"Pol\u00edcia Militar prende indiv\u00edduo traficando drogas em Belmonte."},"content":{"rendered":"<p>Policiais do 8\u00baBPM-Belmonte, com apoio da RONDESP, prendeu na noite dessa sexta-feira (03\/08) o indiv\u00edduo identificado pelo nome de Ednaldo Dion\u00edsio de Oliveira, mais conhecido na cidade pelo apelido de Galego, sob a acusa\u00e7\u00e3o de envolvimento com o tr\u00e1fico de drogas.<\/p>\n<div id=\"attachment_19378\" style=\"width: 425px\" class=\"wp-caption aligncenter\"><a href=\"http:\/\/www.maisbn.com\/portal\/wp-content\/uploads\/2018\/08\/WhatsApp-Image-2018-08-03-at-11.03.09-PM.jpeg\"><img loading=\"lazy\" decoding=\"async\" aria-describedby=\"caption-attachment-19378\" class=\"wp-image-19378\" src=\"http:\/\/www.maisbn.com\/portal\/wp-content\/uploads\/2018\/08\/WhatsApp-Image-2018-08-03-at-11.03.09-PM.jpeg\" alt=\"WhatsApp Image 2018-08-03 at 11.03.09 PM\" width=\"415\" height=\"541\" \/><\/a><p id=\"caption-attachment-19378\" class=\"wp-caption-text\">Arquivo +BN<\/p><\/div>\n<p>&nbsp;<\/p>\n<p>A a\u00e7\u00e3o aconteceu depois que os policiais receberam a den\u00fancia de que um homem estava traficando entorpecentes nas Rua Dom Pedro II, bairro Ponta de Areia. Ao chegar ao local, a guarni\u00e7\u00e3o se deparou com o acusado que, ao avistar a viatura, tentou adentrar em uma resid\u00eancia, mas foi interceptado pelos policiais que perceberam o mesmo tentando dispensar um pacote no ch\u00e3o. Recolhendo o objeto, a guarni\u00e7\u00e3o detectou que era coca\u00edna embalada em um pl\u00e1stico filme. Em abordagem pessoal a guarni\u00e7\u00e3o ainda encontrou com Galego 07 pinos da mesma subst\u00e2ncia j\u00e1 prontos para a venda.<\/p>\n<p><a href=\"http:\/\/www.maisbn.com\/portal\/wp-content\/uploads\/2018\/08\/WhatsApp-Image-2018-08-04-at-11.53.05-AM.jpeg\"><img loading=\"lazy\" decoding=\"async\" class=\"wp-image-19377 aligncenter\" src=\"http:\/\/www.maisbn.com\/portal\/wp-content\/uploads\/2018\/08\/WhatsApp-Image-2018-08-04-at-11.53.05-AM-1000x750.jpeg\" alt=\"WhatsApp Image 2018-08-04 at 11.53.05 AM\" width=\"601\" height=\"451\" srcset=\"https:\/\/www.maisbn.com\/portal\/wp-content\/uploads\/2018\/08\/WhatsApp-Image-2018-08-04-at-11.53.05-AM-1000x750.jpeg 1000w, https:\/\/www.maisbn.com\/portal\/wp-content\/uploads\/2018\/08\/WhatsApp-Image-2018-08-04-at-11.53.05-AM.jpeg 1040w\" sizes=\"auto, (max-width: 601px) 100vw, 601px\" \/><\/a><\/p>\n<p>O acusado recebeu voz de pris\u00e3o em flagrante pelo crime de tr\u00e1fico de drogas e foi conduzido e apresentado para os devidos procedimentos legais cab\u00edveis.<\/p>\n<p>*ASCOM.8\u00baBPM-PORTO SEGURO*<\/p>\n<p>&nbsp;<\/p>\n","protected":false},"excerpt":{"rendered":"<p>Policiais do 8\u00baBPM-Belmonte, com apoio da RONDESP, prendeu na noite dessa sexta-feira (03\/08) o indiv\u00edduo identificado pelo nome de Ednaldo Dion\u00edsio de Oliveira, mais conhecido na cidade pelo apelido de Galego, sob a acusa\u00e7\u00e3o de envolvimento com o tr\u00e1fico de drogas. &nbsp; A a\u00e7\u00e3o aconteceu depois que os policiais receberam a den\u00fancia de que um [&hellip;]<\/p>\n","protected":false},"author":7,"featured_media":19377,"comment_status":"open","ping_status":"open","sticky":false,"template":"","format":"standard","meta":{"footnotes":""},"categories":[1,16],"tags":[108],"class_list":["post-19375","post","type-post","status-publish","format-standard","has-post-thumbnail","hentry","category-noticias","category-policial","tag-belmonte"],"_links":{"self":[{"href":"https:\/\/www.maisbn.com\/portal\/wp-json\/wp\/v2\/posts\/19375","targetHints":{"allow":["GET"]}}],"collection":[{"href":"https:\/\/www.maisbn.com\/portal\/wp-json\/wp\/v2\/posts"}],"about":[{"href":"https:\/\/www.maisbn.com\/portal\/wp-json\/wp\/v2\/types\/post"}],"author":[{"embeddable":true,"href":"https:\/\/www.maisbn.com\/portal\/wp-json\/wp\/v2\/users\/7"}],"replies":[{"embeddable":true,"href":"https:\/\/www.maisbn.com\/portal\/wp-json\/wp\/v2\/comments?post=19375"}],"version-history":[{"count":1,"href":"https:\/\/www.maisbn.com\/portal\/wp-json\/wp\/v2\/posts\/19375\/revisions"}],"predecessor-version":[{"id":19379,"href":"https:\/\/www.maisbn.com\/portal\/wp-json\/wp\/v2\/posts\/19375\/revisions\/19379"}],"wp:featuredmedia":[{"embeddable":true,"href":"https:\/\/www.maisbn.com\/portal\/wp-json\/wp\/v2\/media\/19377"}],"wp:attachment":[{"href":"https:\/\/www.maisbn.com\/portal\/wp-json\/wp\/v2\/media?parent=19375"}],"wp:term":[{"taxonomy":"category","embeddable":true,"href":"https:\/\/www.maisbn.com\/portal\/wp-json\/wp\/v2\/categories?post=19375"},{"taxonomy":"post_tag","embeddable":true,"href":"https:\/\/www.maisbn.com\/portal\/wp-json\/wp\/v2\/tags?post=19375"}],"curies":[{"name":"wp","href":"https:\/\/api.w.org\/{rel}","templated":true}]}}