{"id":1929,"date":"2012-12-21T22:28:32","date_gmt":"2012-12-22T00:28:32","guid":{"rendered":"http:\/\/www.maisbn.com\/portal\/?p=1929"},"modified":"2012-12-21T22:28:32","modified_gmt":"2012-12-22T00:28:32","slug":"prefeito-de-santa-cruz-cabralia-e-afastado-do-cargo-pela-justica","status":"publish","type":"post","link":"https:\/\/www.maisbn.com\/portal\/2012\/12\/prefeito-de-santa-cruz-cabralia-e-afastado-do-cargo-pela-justica\/","title":{"rendered":"Prefeito de Santa Cruz Cabr\u00e1lia \u00e9 afastado do cargo pela justi\u00e7a"},"content":{"rendered":"<div id=\"attachment_1930\" style=\"width: 276px\" class=\"wp-caption alignleft\"><a href=\"http:\/\/www.maisbn.com\/portal\/wp-content\/uploads\/2012\/12\/jorgePOntes.jpg\"><img loading=\"lazy\" decoding=\"async\" aria-describedby=\"caption-attachment-1930\" class=\" wp-image-1930 \" alt=\"Jorge Pontes\" src=\"http:\/\/www.maisbn.com\/portal\/wp-content\/uploads\/2012\/12\/jorgePOntes.jpg\" width=\"266\" height=\"198\" \/><\/a><p id=\"caption-attachment-1930\" class=\"wp-caption-text\">Jorge Pontes<\/p><\/div>\n<p>O prefeito de Santa Cruz Cabr\u00e1lia, Jorge Pontes (PT), foi afastado do cargo. A decis\u00e3o liminar do juiz local Rafael Siqueira, com base em den\u00fancia de improbidade administrativa feita pelo Minist\u00e9rio P\u00fablico, foi expedida nesta sexta-feira (21).<\/p>\n<p>No fim da manh\u00e3, oficiais da justi\u00e7a, com apoio de policiais militares e policiais civis, estiveram no pr\u00e9dio da prefeitura para notificar o prefeito.<\/p>\n<p>Ainda n\u00e3o se tem mai<\/p>\n<p>s detalhes sobre o teor da den\u00fancia, feita pelo promotor de justi\u00e7a Rodrigo Anjo.<\/p>\n<p>Reeleito para o cargo nas elei\u00e7\u00f5es deste ano, Jorge Pontes \u00e9 afastado da fun\u00e7\u00e3o pela segunda vez.<\/p>\n","protected":false},"excerpt":{"rendered":"<p>O prefeito de Santa Cruz Cabr\u00e1lia, Jorge Pontes (PT), foi afastado do cargo. A decis\u00e3o liminar do juiz local Rafael Siqueira, com base em den\u00fancia de improbidade administrativa feita pelo Minist\u00e9rio P\u00fablico, foi expedida nesta sexta-feira (21). No fim da manh\u00e3, oficiais da justi\u00e7a, com apoio de policiais militares e policiais civis, estiveram no pr\u00e9dio [&hellip;]<\/p>\n","protected":false},"author":1,"featured_media":0,"comment_status":"closed","ping_status":"open","sticky":false,"template":"","format":"standard","meta":{"footnotes":""},"categories":[1,7],"tags":[91],"class_list":["post-1929","post","type-post","status-publish","format-standard","hentry","category-noticias","category-politica","tag-santa-cruz-cabralia"],"_links":{"self":[{"href":"https:\/\/www.maisbn.com\/portal\/wp-json\/wp\/v2\/posts\/1929","targetHints":{"allow":["GET"]}}],"collection":[{"href":"https:\/\/www.maisbn.com\/portal\/wp-json\/wp\/v2\/posts"}],"about":[{"href":"https:\/\/www.maisbn.com\/portal\/wp-json\/wp\/v2\/types\/post"}],"author":[{"embeddable":true,"href":"https:\/\/www.maisbn.com\/portal\/wp-json\/wp\/v2\/users\/1"}],"replies":[{"embeddable":true,"href":"https:\/\/www.maisbn.com\/portal\/wp-json\/wp\/v2\/comments?post=1929"}],"version-history":[{"count":0,"href":"https:\/\/www.maisbn.com\/portal\/wp-json\/wp\/v2\/posts\/1929\/revisions"}],"wp:attachment":[{"href":"https:\/\/www.maisbn.com\/portal\/wp-json\/wp\/v2\/media?parent=1929"}],"wp:term":[{"taxonomy":"category","embeddable":true,"href":"https:\/\/www.maisbn.com\/portal\/wp-json\/wp\/v2\/categories?post=1929"},{"taxonomy":"post_tag","embeddable":true,"href":"https:\/\/www.maisbn.com\/portal\/wp-json\/wp\/v2\/tags?post=1929"}],"curies":[{"name":"wp","href":"https:\/\/api.w.org\/{rel}","templated":true}]}}