{"id":19274,"date":"2018-07-25T21:04:06","date_gmt":"2018-07-26T00:04:06","guid":{"rendered":"http:\/\/www.maisbn.com\/portal\/?p=19274"},"modified":"2018-07-26T07:04:31","modified_gmt":"2018-07-26T10:04:31","slug":"comunidade-decide-bloquear-ba-001-para-cobrar-do-governador-a-recuperacao-da-rodovia","status":"publish","type":"post","link":"https:\/\/www.maisbn.com\/portal\/2018\/07\/comunidade-decide-bloquear-ba-001-para-cobrar-do-governador-a-recuperacao-da-rodovia\/","title":{"rendered":"Comunidade decide bloquear BA-001 para cobrar do Governador a recupera\u00e7\u00e3o da rodovia."},"content":{"rendered":"<p>O Governador do Estado da Bahia e pr\u00e9-candidato \u00e0 reelei\u00e7\u00e3o, Rui Costa, estar\u00e1 em Eun\u00e1polis nessa sexta-feira (27\/07) para cumprir uma agenda de encontros que acontecer\u00e3o com lideran\u00e7as dos munic\u00edpios que comp\u00f5em a \u00e1rea metropolitana de Salvador e das principais cidades do interior da Bahia. O objetivo dos encontros \u00e9 a elabora\u00e7\u00e3o de um Programa de Governo Participativo (PGP) que ser\u00e1 registrado no dia 15\/08 no Tribunal Regional Eleitoral (TRE) e constar\u00e1 as propostas de campanha do pr\u00e9-candidato governista.<\/p>\n<p><a href=\"http:\/\/www.maisbn.com\/portal\/wp-content\/uploads\/2017\/09\/estrada-belmonte00004.jpg\"><img loading=\"lazy\" decoding=\"async\" class=\"aligncenter wp-image-16287\" src=\"http:\/\/www.maisbn.com\/portal\/wp-content\/uploads\/2017\/09\/estrada-belmonte00004.jpg\" alt=\"estrada-belmonte00004\" width=\"601\" height=\"386\" \/><\/a><\/p>\n<p>De olho nessa visita e revoltados com a situa\u00e7\u00e3o da BA-001, a comunidade de Belmonte\u00a0resolveu fechar nessa quinta-feira (26\/07) a estrada para reivindicar melhorias para o asfalto que est\u00e1 cheio de crateras. Uma reuni\u00e3o foi realizada na noite dessa quarta-feira (25\/07) onde foi decidido que o movimento come\u00e7ar\u00e1 na madrugada e n\u00e3o tem hora para ser finalizado.<\/p>\n<p><a href=\"http:\/\/www.maisbn.com\/portal\/wp-content\/uploads\/2018\/07\/WhatsApp-Image-2018-07-25-at-8.21.08-PM.jpeg\"><img loading=\"lazy\" decoding=\"async\" class=\"aligncenter wp-image-19277\" src=\"http:\/\/www.maisbn.com\/portal\/wp-content\/uploads\/2018\/07\/WhatsApp-Image-2018-07-25-at-8.21.08-PM-918x900.jpeg\" alt=\"WhatsApp Image 2018-07-25 at 8.21.08 PM\" width=\"601\" height=\"589\" srcset=\"https:\/\/www.maisbn.com\/portal\/wp-content\/uploads\/2018\/07\/WhatsApp-Image-2018-07-25-at-8.21.08-PM-918x900.jpeg 918w, https:\/\/www.maisbn.com\/portal\/wp-content\/uploads\/2018\/07\/WhatsApp-Image-2018-07-25-at-8.21.08-PM-1020x1000.jpeg 1020w, https:\/\/www.maisbn.com\/portal\/wp-content\/uploads\/2018\/07\/WhatsApp-Image-2018-07-25-at-8.21.08-PM.jpeg 1080w\" sizes=\"auto, (max-width: 601px) 100vw, 601px\" \/><\/a><\/p>\n<p>Nossa equipe tentou entrar em contato com o Prefeito Janival Borges, que encontra-se em viagem, para tratar sobre o assunto da paralisa\u00e7\u00e3o. O mesmo respondeu por meio de mensagem que compreende a revolta dos belmontenses com o problema da estrada que se arrasta por v\u00e1rios anos. O gestor ainda ressaltou que o processo est\u00e1 em andamento e que ele e o Deputado Estadual J\u00e2nio Natal est\u00e3o acompanhando a licita\u00e7\u00e3o das obras que dever\u00e3o ser iniciadas em agosto. <strong><em>&#8220;Houve uma promessa do Governador Rui Costa e do Secret\u00e1rio de Infraestrutura do Estado, Dr. Marcos Cavalcanti, feita ao Deputado J\u00e2nio Natal com rela\u00e7\u00e3o ao recapeamento desse trecho da BA-001 e essa promessa est\u00e1 no processo para ser cumprida. Logo conseguiremos mais essa conquista para a nossa cidade que est\u00e1 esperando h\u00e1 v\u00e1rios anos por essa recupera\u00e7\u00e3o.&#8221;<\/em><\/strong>\u00a0&#8211; Finalizou Janival em nota.<\/p>\n<p>Segue abaixo o documento de licita\u00e7\u00e3o das obras da rodovia publicado no Di\u00e1rio Oficial do Estado da Bahia:<\/p>\n<p><a href=\"http:\/\/www.maisbn.com\/portal\/wp-content\/uploads\/2018\/07\/licitacaoba001.jpeg\"><img loading=\"lazy\" decoding=\"async\" class=\"aligncenter wp-image-19279\" src=\"http:\/\/www.maisbn.com\/portal\/wp-content\/uploads\/2018\/07\/licitacaoba001.jpeg\" alt=\"licitacaoba001\" width=\"578\" height=\"804\" \/><\/a><\/p>\n","protected":false},"excerpt":{"rendered":"<p>O Governador do Estado da Bahia e pr\u00e9-candidato \u00e0 reelei\u00e7\u00e3o, Rui Costa, estar\u00e1 em Eun\u00e1polis nessa sexta-feira (27\/07) para cumprir uma agenda de encontros que acontecer\u00e3o com lideran\u00e7as dos munic\u00edpios que comp\u00f5em a \u00e1rea metropolitana de Salvador e das principais cidades do interior da Bahia. O objetivo dos encontros \u00e9 a elabora\u00e7\u00e3o de um Programa [&hellip;]<\/p>\n","protected":false},"author":7,"featured_media":16288,"comment_status":"open","ping_status":"open","sticky":false,"template":"","format":"standard","meta":{"footnotes":""},"categories":[45,1],"tags":[108],"class_list":["post-19274","post","type-post","status-publish","format-standard","has-post-thumbnail","hentry","category-cidades","category-noticias","tag-belmonte"],"_links":{"self":[{"href":"https:\/\/www.maisbn.com\/portal\/wp-json\/wp\/v2\/posts\/19274","targetHints":{"allow":["GET"]}}],"collection":[{"href":"https:\/\/www.maisbn.com\/portal\/wp-json\/wp\/v2\/posts"}],"about":[{"href":"https:\/\/www.maisbn.com\/portal\/wp-json\/wp\/v2\/types\/post"}],"author":[{"embeddable":true,"href":"https:\/\/www.maisbn.com\/portal\/wp-json\/wp\/v2\/users\/7"}],"replies":[{"embeddable":true,"href":"https:\/\/www.maisbn.com\/portal\/wp-json\/wp\/v2\/comments?post=19274"}],"version-history":[{"count":3,"href":"https:\/\/www.maisbn.com\/portal\/wp-json\/wp\/v2\/posts\/19274\/revisions"}],"predecessor-version":[{"id":19282,"href":"https:\/\/www.maisbn.com\/portal\/wp-json\/wp\/v2\/posts\/19274\/revisions\/19282"}],"wp:featuredmedia":[{"embeddable":true,"href":"https:\/\/www.maisbn.com\/portal\/wp-json\/wp\/v2\/media\/16288"}],"wp:attachment":[{"href":"https:\/\/www.maisbn.com\/portal\/wp-json\/wp\/v2\/media?parent=19274"}],"wp:term":[{"taxonomy":"category","embeddable":true,"href":"https:\/\/www.maisbn.com\/portal\/wp-json\/wp\/v2\/categories?post=19274"},{"taxonomy":"post_tag","embeddable":true,"href":"https:\/\/www.maisbn.com\/portal\/wp-json\/wp\/v2\/tags?post=19274"}],"curies":[{"name":"wp","href":"https:\/\/api.w.org\/{rel}","templated":true}]}}