{"id":19270,"date":"2018-07-25T18:41:38","date_gmt":"2018-07-25T21:41:38","guid":{"rendered":"http:\/\/www.maisbn.com\/portal\/?p=19270"},"modified":"2018-07-25T18:41:38","modified_gmt":"2018-07-25T21:41:38","slug":"vereador-alfredo-doa-cadeira-de-rodas-a-jovem-deficiente-morador-da-biela","status":"publish","type":"post","link":"https:\/\/www.maisbn.com\/portal\/2018\/07\/vereador-alfredo-doa-cadeira-de-rodas-a-jovem-deficiente-morador-da-biela\/","title":{"rendered":"Vereador Alfredo doa cadeira de rodas a jovem deficiente morador da Biela."},"content":{"rendered":"<p><a href=\"http:\/\/www.maisbn.com\/portal\/wp-content\/uploads\/2018\/07\/doacao_cadeira.jpg\"><img loading=\"lazy\" decoding=\"async\" class=\"aligncenter size-full wp-image-19272\" src=\"http:\/\/www.maisbn.com\/portal\/wp-content\/uploads\/2018\/07\/doacao_cadeira.jpg\" alt=\"doacao_cadeira\" width=\"516\" height=\"473\" \/><\/a><\/p>\n<p>O Vereador e Vice-presidente da C\u00e2mara, Alfredo Aberceb, doou uma cadeira de rodas nova para o jovem Pepinho, morador do Bairro da Biela. O edil comentou com nossa reportagem que se comoveu com a situa\u00e7\u00e3o do rapaz e sua fam\u00edlia que esperava h\u00e1 um ano obter o utens\u00edlio atrav\u00e9s do poder executivo municipal.<\/p>\n<p>A nova cadeira de rodas, que foi custeada com recursos pr\u00f3prios do vereador, foi entregue para Pepinho nessa segunda-feira. <em><strong>&#8220;V\u00e1rias promessas j\u00e1 tinham sido feitas e nenhuma cumprida. Eu me comovi com o apelo desse jovem e sua fam\u00edlia e resolvi lhe dar esse presente, lhe proporcionando mais qualidade de vida.&#8221;<\/strong><\/em> &#8211; Finalizou Alfredo.<\/p>\n<p>&nbsp;<\/p>\n","protected":false},"excerpt":{"rendered":"<p>O Vereador e Vice-presidente da C\u00e2mara, Alfredo Aberceb, doou uma cadeira de rodas nova para o jovem Pepinho, morador do Bairro da Biela. O edil comentou com nossa reportagem que se comoveu com a situa\u00e7\u00e3o do rapaz e sua fam\u00edlia que esperava h\u00e1 um ano obter o utens\u00edlio atrav\u00e9s do poder executivo municipal. A nova [&hellip;]<\/p>\n","protected":false},"author":7,"featured_media":19272,"comment_status":"open","ping_status":"open","sticky":false,"template":"","format":"standard","meta":{"footnotes":""},"categories":[1],"tags":[108],"class_list":["post-19270","post","type-post","status-publish","format-standard","has-post-thumbnail","hentry","category-noticias","tag-belmonte"],"_links":{"self":[{"href":"https:\/\/www.maisbn.com\/portal\/wp-json\/wp\/v2\/posts\/19270","targetHints":{"allow":["GET"]}}],"collection":[{"href":"https:\/\/www.maisbn.com\/portal\/wp-json\/wp\/v2\/posts"}],"about":[{"href":"https:\/\/www.maisbn.com\/portal\/wp-json\/wp\/v2\/types\/post"}],"author":[{"embeddable":true,"href":"https:\/\/www.maisbn.com\/portal\/wp-json\/wp\/v2\/users\/7"}],"replies":[{"embeddable":true,"href":"https:\/\/www.maisbn.com\/portal\/wp-json\/wp\/v2\/comments?post=19270"}],"version-history":[{"count":2,"href":"https:\/\/www.maisbn.com\/portal\/wp-json\/wp\/v2\/posts\/19270\/revisions"}],"predecessor-version":[{"id":19273,"href":"https:\/\/www.maisbn.com\/portal\/wp-json\/wp\/v2\/posts\/19270\/revisions\/19273"}],"wp:featuredmedia":[{"embeddable":true,"href":"https:\/\/www.maisbn.com\/portal\/wp-json\/wp\/v2\/media\/19272"}],"wp:attachment":[{"href":"https:\/\/www.maisbn.com\/portal\/wp-json\/wp\/v2\/media?parent=19270"}],"wp:term":[{"taxonomy":"category","embeddable":true,"href":"https:\/\/www.maisbn.com\/portal\/wp-json\/wp\/v2\/categories?post=19270"},{"taxonomy":"post_tag","embeddable":true,"href":"https:\/\/www.maisbn.com\/portal\/wp-json\/wp\/v2\/tags?post=19270"}],"curies":[{"name":"wp","href":"https:\/\/api.w.org\/{rel}","templated":true}]}}