{"id":19235,"date":"2018-07-23T10:40:51","date_gmt":"2018-07-23T13:40:51","guid":{"rendered":"http:\/\/www.maisbn.com\/portal\/?p=19235"},"modified":"2018-07-23T10:43:02","modified_gmt":"2018-07-23T13:43:02","slug":"reuniao-discute-reintegracao-de-posse-que-ocorrera-na-zona-rural-de-belmonte","status":"publish","type":"post","link":"https:\/\/www.maisbn.com\/portal\/2018\/07\/reuniao-discute-reintegracao-de-posse-que-ocorrera-na-zona-rural-de-belmonte\/","title":{"rendered":"Reuni\u00e3o discute reintegra\u00e7\u00e3o de posse que ocorrer\u00e1 na Zona Rural de Belmonte."},"content":{"rendered":"<p>Aconteceu na manh\u00e3 da \u00faltima sexta-feira (20\/07) uma reuni\u00e3o para se discutir o cumprimento do mandado de reintegra\u00e7\u00e3o de posse expedido pela justi\u00e7a a favor da Empresa Veracel Celulose das Fazendas Santa Clara, Paraisol\u00e2ndia, Santa Rosa do Sul e Panam\u00e1, localizadas na Zona Rural de Belmonte.<\/p>\n<p><a href=\"http:\/\/www.maisbn.com\/portal\/wp-content\/uploads\/2018\/07\/37571929_1018251931682820_7606165246155161600_n.jpg\"><img loading=\"lazy\" decoding=\"async\" class=\"aligncenter wp-image-19237\" src=\"http:\/\/www.maisbn.com\/portal\/wp-content\/uploads\/2018\/07\/37571929_1018251931682820_7606165246155161600_n.jpg\" alt=\"37571929_1018251931682820_7606165246155161600_n\" width=\"600\" height=\"450\" \/><\/a><\/p>\n<p>Estiveram presentes na reuni\u00e3o representantes da Veracel, pessoas que permanecem na \u00e1rea ocupada, o comandante da Pol\u00edcia Militar em Belmonte Capit\u00e3o Neri, o Presidente da C\u00e2mara Aelson Matos (Calango) e Vereadores. O objetivo foi discutir a melhor forma de ser realizada a opera\u00e7\u00e3o de desocupa\u00e7\u00e3o. Durante a reuni\u00e3o, o tema principal foi o prazo para as fam\u00edlias deixarem as \u00e1reas em quest\u00e3o. A empresa queria inicialmente o imediato cumprimento da decis\u00e3o, mas, depois de v\u00e1rias discuss\u00f5es, se chegou ao acordo de um prazo de 17 dias para as pessoas deixarem as terras ocupadas. Tamb\u00e9m foi colocada a op\u00e7\u00e3o de doa\u00e7\u00e3o de \u00e1reas para o assentamento das fam\u00edlias que ficar\u00e3o desalojadas, mas o tema ficou para ser discutido em outras reuni\u00f5es.<\/p>\n<p><a href=\"http:\/\/www.maisbn.com\/portal\/wp-content\/uploads\/2018\/07\/37402436_1018251705016176_3142110529435205632_n.jpg\"><img loading=\"lazy\" decoding=\"async\" class=\"aligncenter wp-image-19238\" src=\"http:\/\/www.maisbn.com\/portal\/wp-content\/uploads\/2018\/07\/37402436_1018251705016176_3142110529435205632_n.jpg\" alt=\"37402436_1018251705016176_3142110529435205632_n\" width=\"600\" height=\"509\" \/><\/a><\/p>\n<p>Os representantes da Veracel conversaram com as pessoas que est\u00e3o ocupando as terras e comentaram que as fazendas fazem parte da \u00e1rea de preserva\u00e7\u00e3o de mata nativa. Os mesmos colocaram que essa \u00e1rea de preserva\u00e7\u00e3o fazem parte do termo de autoriza\u00e7\u00e3o de funcionamento da f\u00e1brica e que ocupa\u00e7\u00f5es ou qualquer desobedi\u00eancia a essa exig\u00eancia pode incorrer em multas milion\u00e1rias a serem aplicadas contra a empresa.<\/p>\n<p><a href=\"http:\/\/www.maisbn.com\/portal\/wp-content\/uploads\/2018\/07\/37520436_1018251765016170_5665292524642631680_n.jpg\"><img loading=\"lazy\" decoding=\"async\" class=\"aligncenter wp-image-19239\" src=\"http:\/\/www.maisbn.com\/portal\/wp-content\/uploads\/2018\/07\/37520436_1018251765016170_5665292524642631680_n.jpg\" alt=\"37520436_1018251765016170_5665292524642631680_n\" width=\"600\" height=\"450\" \/><\/a><\/p>\n<p>Em conversa com nossa equipe, o Presidente da C\u00e2mara, Aelson Matos (Calango), comentou que a sua maior preocupa\u00e7\u00e3o \u00e9 que o processo seja conduzido na mais completa tranquilidade, sem confrontos e viol\u00eancia. &#8220;<strong><em>Tudo est\u00e1 ocorrendo por meio de um processo legal onde todas as partes tiveram a chance de apresentar os seus argumentos. O que se busca aqui n\u00e3o \u00e9 desobedecer, e sim, achar a melhor forma de se cumprir a decis\u00e3o judicial, preservando sempre a dignidade e a seguran\u00e7a de todas as partes envolvidas no conflito.&#8221;<\/em><\/strong> &#8211; Finalizou o Presidente.<\/p>\n<p>&nbsp;<\/p>\n","protected":false},"excerpt":{"rendered":"<p>Aconteceu na manh\u00e3 da \u00faltima sexta-feira (20\/07) uma reuni\u00e3o para se discutir o cumprimento do mandado de reintegra\u00e7\u00e3o de posse expedido pela justi\u00e7a a favor da Empresa Veracel Celulose das Fazendas Santa Clara, Paraisol\u00e2ndia, Santa Rosa do Sul e Panam\u00e1, localizadas na Zona Rural de Belmonte. Estiveram presentes na reuni\u00e3o representantes da Veracel, pessoas que [&hellip;]<\/p>\n","protected":false},"author":7,"featured_media":19237,"comment_status":"open","ping_status":"open","sticky":false,"template":"","format":"standard","meta":{"footnotes":""},"categories":[45,1],"tags":[108],"class_list":["post-19235","post","type-post","status-publish","format-standard","has-post-thumbnail","hentry","category-cidades","category-noticias","tag-belmonte"],"_links":{"self":[{"href":"https:\/\/www.maisbn.com\/portal\/wp-json\/wp\/v2\/posts\/19235","targetHints":{"allow":["GET"]}}],"collection":[{"href":"https:\/\/www.maisbn.com\/portal\/wp-json\/wp\/v2\/posts"}],"about":[{"href":"https:\/\/www.maisbn.com\/portal\/wp-json\/wp\/v2\/types\/post"}],"author":[{"embeddable":true,"href":"https:\/\/www.maisbn.com\/portal\/wp-json\/wp\/v2\/users\/7"}],"replies":[{"embeddable":true,"href":"https:\/\/www.maisbn.com\/portal\/wp-json\/wp\/v2\/comments?post=19235"}],"version-history":[{"count":3,"href":"https:\/\/www.maisbn.com\/portal\/wp-json\/wp\/v2\/posts\/19235\/revisions"}],"predecessor-version":[{"id":19242,"href":"https:\/\/www.maisbn.com\/portal\/wp-json\/wp\/v2\/posts\/19235\/revisions\/19242"}],"wp:featuredmedia":[{"embeddable":true,"href":"https:\/\/www.maisbn.com\/portal\/wp-json\/wp\/v2\/media\/19237"}],"wp:attachment":[{"href":"https:\/\/www.maisbn.com\/portal\/wp-json\/wp\/v2\/media?parent=19235"}],"wp:term":[{"taxonomy":"category","embeddable":true,"href":"https:\/\/www.maisbn.com\/portal\/wp-json\/wp\/v2\/categories?post=19235"},{"taxonomy":"post_tag","embeddable":true,"href":"https:\/\/www.maisbn.com\/portal\/wp-json\/wp\/v2\/tags?post=19235"}],"curies":[{"name":"wp","href":"https:\/\/api.w.org\/{rel}","templated":true}]}}