{"id":19203,"date":"2018-07-20T13:23:21","date_gmt":"2018-07-20T16:23:21","guid":{"rendered":"http:\/\/www.maisbn.com\/portal\/?p=19203"},"modified":"2018-07-20T13:45:29","modified_gmt":"2018-07-20T16:45:29","slug":"pc-do-b-e-associacao-buraco-do-bicho-entregam-novas-barracas-a-feirantes-da-agricultura-familiar","status":"publish","type":"post","link":"https:\/\/www.maisbn.com\/portal\/2018\/07\/pc-do-b-e-associacao-buraco-do-bicho-entregam-novas-barracas-a-feirantes-da-agricultura-familiar\/","title":{"rendered":"PC do B e Associa\u00e7\u00e3o Buraco do Bicho entregam novas barracas a feirantes da Agricultura Familiar."},"content":{"rendered":"<p>&nbsp;<\/p>\n<p class=\"western\">O Partido Comunista do Brasil (PC do B), juntamente com a Associa\u00e7\u00e3o Buraco do Bicho, entregou no \u00faltimo dia 14\/07 aos integrantes da Associa\u00e7\u00e3o das Margaridas 20 barracas de feira padronizadas e preparadas especialmente para a venda de produtos da agricultura familiar.<\/p>\n<p class=\"western\"><a href=\"http:\/\/www.maisbn.com\/portal\/wp-content\/uploads\/2018\/07\/entrega_barracas_feira.jpg\"><img loading=\"lazy\" decoding=\"async\" class=\"aligncenter wp-image-19204\" src=\"http:\/\/www.maisbn.com\/portal\/wp-content\/uploads\/2018\/07\/entrega_barracas_feira.jpg\" alt=\"entrega_barracas_feira\" width=\"600\" height=\"386\" \/><\/a><\/p>\n<div dir=\"auto\">\n<p class=\"western\">A cerim\u00f4nia aconteceu na Pra\u00e7a Picopeu e contou com a presen\u00e7a do Vereador Rog\u00e9rio Bahia, do Presidente do PC do B Rodrigo Martins e das lideran\u00e7as do partido em Boca do C\u00f3rrego Edenilton, Louren\u00e7o, Luciano e Adriano. Tamb\u00e9m se fez presente no evento o Sr. Oraldo, Presidente da Associa\u00e7\u00e3o Buraco do Bicho. Thais, presidente da Associa\u00e7\u00e3o das Margaridas, comentou em seu depoimento que estava feliz com a conquista e que os novos equipamentos ajudar\u00e3o muito os feirantes na apresenta\u00e7\u00e3o de seus produtos ao p\u00fablico. <strong><em>&#8220;Essa doa\u00e7\u00e3o \u00e9 de suma import\u00e2ncia para a Associa\u00e7\u00e3o das Margaridas porque estamos lutando muito pela Agricultura Familiar. no intuito de torna-la uma das principais fontes de emprego e renda para o nosso munic\u00edpio.&#8221;<\/em><\/strong> &#8211; Finalizou Thais.<\/p>\n<p class=\"western\"><a href=\"http:\/\/www.maisbn.com\/portal\/wp-content\/uploads\/2018\/07\/WhatsApp-Image-2018-07-19-at-8.40.58-AM-1.jpeg\"><img loading=\"lazy\" decoding=\"async\" class=\"aligncenter wp-image-19205\" src=\"http:\/\/www.maisbn.com\/portal\/wp-content\/uploads\/2018\/07\/WhatsApp-Image-2018-07-19-at-8.40.58-AM-1-1000x563.jpeg\" alt=\"WhatsApp Image 2018-07-19 at 8.40.58 AM (1)\" width=\"601\" height=\"338\" srcset=\"https:\/\/www.maisbn.com\/portal\/wp-content\/uploads\/2018\/07\/WhatsApp-Image-2018-07-19-at-8.40.58-AM-1-1000x563.jpeg 1000w, https:\/\/www.maisbn.com\/portal\/wp-content\/uploads\/2018\/07\/WhatsApp-Image-2018-07-19-at-8.40.58-AM-1.jpeg 1280w\" sizes=\"auto, (max-width: 601px) 100vw, 601px\" \/><\/a><\/p>\n<p class=\"western\">Quem tamb\u00e9m usou da palavra foi o presidente do PC do B\/Belmonte, Rodrigo Martins. Em sua fala Rodrigo parabenizou e reconheceu a import\u00e2ncia do trabalho realizado pela Associa\u00e7\u00e3o das Margaridas. <strong><em>&#8220;A Associa\u00e7\u00e3o das Margaridas, com um trabalho s\u00e9rio e honesto, vem mostrando a import\u00e2ncia e a necessidade de a\u00e7\u00f5es que visam a continuidade do desenvolvimento da Agricultura Familiar e do fortalecimento do Associativismo e do Cooperativismo em nosso munic\u00edpio.&#8221;<\/em> <\/strong>&#8211; Enfatizou o dirigente municipal do PC do B.<\/p>\n<p class=\"western\"><a href=\"http:\/\/www.maisbn.com\/portal\/wp-content\/uploads\/2018\/07\/WhatsApp-Image-2018-07-19-at-8.40.55-AM-1.jpeg\"><img loading=\"lazy\" decoding=\"async\" class=\"aligncenter wp-image-19206\" src=\"http:\/\/www.maisbn.com\/portal\/wp-content\/uploads\/2018\/07\/WhatsApp-Image-2018-07-19-at-8.40.55-AM-1-1000x563.jpeg\" alt=\"WhatsApp Image 2018-07-19 at 8.40.55 AM (1)\" width=\"601\" height=\"338\" srcset=\"https:\/\/www.maisbn.com\/portal\/wp-content\/uploads\/2018\/07\/WhatsApp-Image-2018-07-19-at-8.40.55-AM-1-1000x563.jpeg 1000w, https:\/\/www.maisbn.com\/portal\/wp-content\/uploads\/2018\/07\/WhatsApp-Image-2018-07-19-at-8.40.55-AM-1.jpeg 1280w\" sizes=\"auto, (max-width: 601px) 100vw, 601px\" \/><\/a><\/p>\n<p class=\"western\">Em conversa com a imprensa, Rodrigo ressaltou a import\u00e2ncia das articula\u00e7\u00f5es pol\u00edticas para que a\u00e7\u00f5es, como a que estava acontecendo, se tornem realidade. O mesmo ainda colocou que a refer\u00eancia pol\u00edtica, tanto no \u00e2mbito federal como estadual, \u00e9 indispens\u00e1vel para Belmonte. <strong><em>&#8220;Nossa cidade tem uma grande vantagem nesse cen\u00e1rio porque tem como refer\u00eancia estadual o Deputado J\u00e2nio Natal, nascido em nossa terra. No \u00e2mbito federal o PC do B conta com o Deputado Federal Devidson Magalh\u00e3es, que \u00e9 um grande amigo e sempre contribui com as demandas do Partido. Al\u00e9m desse grande parlamentar, contamos ainda conta com a ajuda da Deputada Federal Alice Portugal e do Deputado Federal Daniel Almeida, que tamb\u00e9m fazem parte do PC do B e sempre atenderam os nossos pleitos a favor da comunidade. &#8220;<\/em><\/strong> -Finalizou Rodrigo.<\/p>\n<p class=\"western\">\n<\/div>\n<p><iframe loading=\"lazy\" src=\"https:\/\/www.youtube.com\/embed\/QHPJ4qEg2h0\" width=\"560\" height=\"315\" frameborder=\"0\" allowfullscreen=\"allowfullscreen\"><\/iframe><\/p>\n","protected":false},"excerpt":{"rendered":"<p>&nbsp; O Partido Comunista do Brasil (PC do B), juntamente com a Associa\u00e7\u00e3o Buraco do Bicho, entregou no \u00faltimo dia 14\/07 aos integrantes da Associa\u00e7\u00e3o das Margaridas 20 barracas de feira padronizadas e preparadas especialmente para a venda de produtos da agricultura familiar. A cerim\u00f4nia aconteceu na Pra\u00e7a Picopeu e contou com a presen\u00e7a do [&hellip;]<\/p>\n","protected":false},"author":7,"featured_media":19205,"comment_status":"open","ping_status":"open","sticky":false,"template":"","format":"standard","meta":{"footnotes":""},"categories":[45,1],"tags":[108],"class_list":["post-19203","post","type-post","status-publish","format-standard","has-post-thumbnail","hentry","category-cidades","category-noticias","tag-belmonte"],"_links":{"self":[{"href":"https:\/\/www.maisbn.com\/portal\/wp-json\/wp\/v2\/posts\/19203","targetHints":{"allow":["GET"]}}],"collection":[{"href":"https:\/\/www.maisbn.com\/portal\/wp-json\/wp\/v2\/posts"}],"about":[{"href":"https:\/\/www.maisbn.com\/portal\/wp-json\/wp\/v2\/types\/post"}],"author":[{"embeddable":true,"href":"https:\/\/www.maisbn.com\/portal\/wp-json\/wp\/v2\/users\/7"}],"replies":[{"embeddable":true,"href":"https:\/\/www.maisbn.com\/portal\/wp-json\/wp\/v2\/comments?post=19203"}],"version-history":[{"count":17,"href":"https:\/\/www.maisbn.com\/portal\/wp-json\/wp\/v2\/posts\/19203\/revisions"}],"predecessor-version":[{"id":19227,"href":"https:\/\/www.maisbn.com\/portal\/wp-json\/wp\/v2\/posts\/19203\/revisions\/19227"}],"wp:featuredmedia":[{"embeddable":true,"href":"https:\/\/www.maisbn.com\/portal\/wp-json\/wp\/v2\/media\/19205"}],"wp:attachment":[{"href":"https:\/\/www.maisbn.com\/portal\/wp-json\/wp\/v2\/media?parent=19203"}],"wp:term":[{"taxonomy":"category","embeddable":true,"href":"https:\/\/www.maisbn.com\/portal\/wp-json\/wp\/v2\/categories?post=19203"},{"taxonomy":"post_tag","embeddable":true,"href":"https:\/\/www.maisbn.com\/portal\/wp-json\/wp\/v2\/tags?post=19203"}],"curies":[{"name":"wp","href":"https:\/\/api.w.org\/{rel}","templated":true}]}}