{"id":19167,"date":"2018-07-17T15:53:13","date_gmt":"2018-07-17T18:53:13","guid":{"rendered":"http:\/\/www.maisbn.com\/portal\/?p=19167"},"modified":"2018-07-17T15:53:13","modified_gmt":"2018-07-17T18:53:13","slug":"empresa-divulga-o-resultado-da-1a-seletiva-para-emprego-temporario-do-recadastramento-imobiliario","status":"publish","type":"post","link":"https:\/\/www.maisbn.com\/portal\/2018\/07\/empresa-divulga-o-resultado-da-1a-seletiva-para-emprego-temporario-do-recadastramento-imobiliario\/","title":{"rendered":"Empresa divulga o resultado da 1\u00aa Seletiva para Emprego Tempor\u00e1rio do Recadastramento Imobili\u00e1rio."},"content":{"rendered":"<p>&nbsp;<\/p>\n<p><a href=\"http:\/\/www.maisbn.com\/portal\/wp-content\/uploads\/2018\/07\/473531021670725.jpg\"><img loading=\"lazy\" decoding=\"async\" class=\"aligncenter size-full wp-image-19168\" src=\"http:\/\/www.maisbn.com\/portal\/wp-content\/uploads\/2018\/07\/473531021670725.jpg\" alt=\"473531021670725\" width=\"570\" height=\"415\" \/><\/a><\/p>\n<p>A empresa More Inform\u00e1tica divulgou no final da manh\u00e3 dessa ter\u00e7a-feira (17\/07) o resultado da primeira etapa da seletiva para Emprego Tempor\u00e1rio do Recadastramento Imobili\u00e1rio que ser\u00e1 realizado pela Prefeitura Municipal de Belmonte. As avalia\u00e7\u00f5es foram realizadas na \u00faltima quinta-feira (12\/07) pela terceirizada, onde foram selecionados 30 nomes que participar\u00e3o da segunda etapa do certame. A More Inform\u00e1tica pretende nessa fase de avalia\u00e7\u00f5es obter os 12 candidatos aptos que assumir\u00e3o as vagas tempor\u00e1rios oferecidas.<\/p>\n<p>O trabalho a ser realizado pelos aprovados consiste na visita \u201cin loco\u201d \u00e0s unidades imobili\u00e1rias da cidade para levantamento de informa\u00e7\u00f5es cartogr\u00e1ficas sociais. Os candidatos que assumirem as vagas oferecidas ter\u00e3o a remunera\u00e7\u00e3o de 01 Sal\u00e1rio M\u00ednimo + Vale Transporte. A More Inform\u00e1tica informou que nos pr\u00f3ximos dias estar\u00e1 publicando a data das avalia\u00e7\u00f5es que complementar\u00e3o o processo de sele\u00e7\u00e3o. Segue abaixo os nomes dos candidatos selecionados:<\/p>\n<p><span style=\"color: #0000ff;\"><em>&#8211; Diego Armando Gon\u00e7alves<\/em><\/span><br \/>\n<span style=\"color: #0000ff;\"><em>&#8211; C\u00e1ssio Bonatti Nunes<\/em><\/span><br \/>\n<span style=\"color: #0000ff;\"><em>&#8211; Gabriel Souza Gon\u00e7alves<\/em><\/span><br \/>\n<span style=\"color: #0000ff;\"><em>&#8211; Rafaela Borges Rocchigiani<\/em><\/span><br \/>\n<span style=\"color: #0000ff;\"><em>&#8211; Juliana Mattos de Jesus<\/em><\/span><br \/>\n<span style=\"color: #0000ff;\"><em>&#8211; C\u00e1cio Honorato de Souza<\/em><\/span><br \/>\n<span style=\"color: #0000ff;\"><em>&#8211; Ernesto Monteiro Magnavita<\/em><\/span><br \/>\n<span style=\"color: #0000ff;\"><em>&#8211; Leidiane Abreu Cardoso<\/em><\/span><br \/>\n<span style=\"color: #0000ff;\"><em>&#8211; Thaiulaine Cruz dos Santos<\/em><\/span><br \/>\n<span style=\"color: #0000ff;\"><em>&#8211; Everson Vitor Alves Oliveira<\/em><\/span><br \/>\n<span style=\"color: #0000ff;\"><em>&#8211; Larissa da Silva de Souza<\/em><\/span><br \/>\n<span style=\"color: #0000ff;\"><em>&#8211; Lilian da Cruz<\/em><\/span><br \/>\n<span style=\"color: #0000ff;\"><em>&#8211; Beatriz Silva de Souza Bonfim<\/em><\/span><br \/>\n<span style=\"color: #0000ff;\"><em>&#8211; Mayara da Aleluia Bandeira<\/em><\/span><br \/>\n<span style=\"color: #0000ff;\"><em>&#8211; Johnatan Concei\u00e7\u00e3o dos Santos<\/em><\/span><br \/>\n<span style=\"color: #0000ff;\"><em>&#8211; Claudiane Rodrigues de Oliveira<\/em><\/span><br \/>\n<span style=\"color: #0000ff;\"><em>&#8211; Luma Andrade Matos<\/em><\/span><br \/>\n<span style=\"color: #0000ff;\"><em>&#8211; Get\u00falio Evangelista da Silva J\u00fanior<\/em><\/span><br \/>\n<span style=\"color: #0000ff;\"><em>&#8211; Galileu Gomes Sacramento<\/em><\/span><br \/>\n<span style=\"color: #0000ff;\"><em>&#8211; Fl\u00e1via Maria Rodrigues Santos<\/em><\/span><br \/>\n<span style=\"color: #0000ff;\"><em>&#8211; Clarinda de Oliveira<\/em><\/span><br \/>\n<span style=\"color: #0000ff;\"><em>&#8211; Jo\u00e3o Pedro Silveira Leite<\/em><\/span><br \/>\n<span style=\"color: #0000ff;\"><em>&#8211; Waltecy Barbosa dos Santos<\/em><\/span><br \/>\n<span style=\"color: #0000ff;\"><em>&#8211; Erika Concei\u00e7\u00e3o dos Santos<\/em><\/span><br \/>\n<span style=\"color: #0000ff;\"><em>&#8211; Jana\u00edna Santos Pereira<\/em><\/span><br \/>\n<span style=\"color: #0000ff;\"><em>&#8211; Drielly Almeida Souza<\/em><\/span><br \/>\n<span style=\"color: #0000ff;\"><em>&#8211; Luan Menezes<\/em><\/span><br \/>\n<span style=\"color: #0000ff;\"><em>&#8211; Vivian Tavares dos Santos<\/em><\/span><br \/>\n<span style=\"color: #0000ff;\"><em>&#8211; Cl\u00e9riston Pascoal Val\u00e9rio Alves<\/em><\/span><br \/>\n<span style=\"color: #0000ff;\"><em>&#8211; Thiala Silva Ribeiro<\/em><\/span><\/p>\n<p>&nbsp;<\/p>\n","protected":false},"excerpt":{"rendered":"<p>&nbsp; A empresa More Inform\u00e1tica divulgou no final da manh\u00e3 dessa ter\u00e7a-feira (17\/07) o resultado da primeira etapa da seletiva para Emprego Tempor\u00e1rio do Recadastramento Imobili\u00e1rio que ser\u00e1 realizado pela Prefeitura Municipal de Belmonte. As avalia\u00e7\u00f5es foram realizadas na \u00faltima quinta-feira (12\/07) pela terceirizada, onde foram selecionados 30 nomes que participar\u00e3o da segunda etapa do [&hellip;]<\/p>\n","protected":false},"author":7,"featured_media":19168,"comment_status":"open","ping_status":"open","sticky":false,"template":"","format":"standard","meta":{"footnotes":""},"categories":[9,1],"tags":[108],"class_list":["post-19167","post","type-post","status-publish","format-standard","has-post-thumbnail","hentry","category-concursos-oportunidades","category-noticias","tag-belmonte"],"_links":{"self":[{"href":"https:\/\/www.maisbn.com\/portal\/wp-json\/wp\/v2\/posts\/19167","targetHints":{"allow":["GET"]}}],"collection":[{"href":"https:\/\/www.maisbn.com\/portal\/wp-json\/wp\/v2\/posts"}],"about":[{"href":"https:\/\/www.maisbn.com\/portal\/wp-json\/wp\/v2\/types\/post"}],"author":[{"embeddable":true,"href":"https:\/\/www.maisbn.com\/portal\/wp-json\/wp\/v2\/users\/7"}],"replies":[{"embeddable":true,"href":"https:\/\/www.maisbn.com\/portal\/wp-json\/wp\/v2\/comments?post=19167"}],"version-history":[{"count":1,"href":"https:\/\/www.maisbn.com\/portal\/wp-json\/wp\/v2\/posts\/19167\/revisions"}],"predecessor-version":[{"id":19169,"href":"https:\/\/www.maisbn.com\/portal\/wp-json\/wp\/v2\/posts\/19167\/revisions\/19169"}],"wp:featuredmedia":[{"embeddable":true,"href":"https:\/\/www.maisbn.com\/portal\/wp-json\/wp\/v2\/media\/19168"}],"wp:attachment":[{"href":"https:\/\/www.maisbn.com\/portal\/wp-json\/wp\/v2\/media?parent=19167"}],"wp:term":[{"taxonomy":"category","embeddable":true,"href":"https:\/\/www.maisbn.com\/portal\/wp-json\/wp\/v2\/categories?post=19167"},{"taxonomy":"post_tag","embeddable":true,"href":"https:\/\/www.maisbn.com\/portal\/wp-json\/wp\/v2\/tags?post=19167"}],"curies":[{"name":"wp","href":"https:\/\/api.w.org\/{rel}","templated":true}]}}