{"id":19160,"date":"2018-07-17T11:09:14","date_gmt":"2018-07-17T14:09:14","guid":{"rendered":"http:\/\/www.maisbn.com\/portal\/?p=19160"},"modified":"2018-07-17T11:09:14","modified_gmt":"2018-07-17T14:09:14","slug":"procissao-de-nossa-senhora-do-carmo-arrasta-uma-multidao-pelas-ruas-de-belmonte","status":"publish","type":"post","link":"https:\/\/www.maisbn.com\/portal\/2018\/07\/procissao-de-nossa-senhora-do-carmo-arrasta-uma-multidao-pelas-ruas-de-belmonte\/","title":{"rendered":"Prociss\u00e3o de Nossa Senhora do Carmo arrasta uma multid\u00e3o pelas ruas de Belmonte."},"content":{"rendered":"<p>A \u00faltima segunda-feira (16\/07) foi marcada pelo ponto alto do catolicismo belmontense. Estamos falando do dia em homenagem \u00e0 Nossa Senhora do Carmo, Padroeira da cidade e, atendendo ao importante data, a Igreja da Matriz permaneceu aberta durante todo o dia. Cerim\u00f4nias religiosas e v\u00e1rias manifesta\u00e7\u00f5es de f\u00e9 foram realizadas e um grande n\u00famero de fieis lotou o templo cat\u00f3lico para homenagear Nossa Senhora do Carmo. Uma missa solene, presidida pelo Padre Clodoaldo dos Santos do Distrito de Barrol\u00e2ndia, lotou a Igreja repetindo novamente o grande sucesso de p\u00fablico em todas noites da Novena em homenagem \u00e0 Padroeira belmontense.<\/p>\n<p><a href=\"http:\/\/www.maisbn.com\/portal\/wp-content\/uploads\/2018\/07\/procissaoI00063.jpg\"><img loading=\"lazy\" decoding=\"async\" class=\"aligncenter  wp-image-19161\" src=\"http:\/\/www.maisbn.com\/portal\/wp-content\/uploads\/2018\/07\/procissaoI00063.jpg\" alt=\"procissaoI00063\" width=\"600\" height=\"380\" \/><\/a><\/p>\n<p>Na parte da tarde aconteceu o evento mais esperado de todos os festejos. Estamos falando da tradicional Prociss\u00e3o de Nossa Senhora do Carmo. Realizada h\u00e1 300 anos, o evento cat\u00f3lico, como em todos os anos, arrastou uma multid\u00e3o pela ruas de Belmonte, consolidando mais uma vez a for\u00e7a do catolicismo na cidade. O Prefeito Janival Borges e todo o secretariado municipal acompanhou o cortejo. Diversas autoridades tamb\u00e9m se fizeram presentes. O Deputado Estadual J\u00e2nio Natal n\u00e3o p\u00f4de estar presente devido \u00e0 limita\u00e7\u00f5es impostas por prescri\u00e7\u00e3o m\u00e9dica.<\/p>\n<p><a href=\"http:\/\/www.maisbn.com\/portal\/wp-content\/uploads\/2018\/07\/mosaico_procissao.jpg\"><img loading=\"lazy\" decoding=\"async\" class=\"aligncenter  wp-image-19163\" src=\"http:\/\/www.maisbn.com\/portal\/wp-content\/uploads\/2018\/07\/mosaico_procissao.jpg\" alt=\"mosaico_procissao\" width=\"600\" height=\"386\" \/><\/a><\/p>\n<p>&nbsp;<\/p>\n<p>A Prociss\u00e3o de Nossa Senhora do Carmo ainda contou com as apresenta\u00e7\u00f5es das Filarm\u00f4nicas Lyra Popular e 15 de Setembro. O cortejo religioso foi finalizado em frente \u00e0 Igreja de Nossa Senhora do Carmo onde a imagem da Santa foi ovacionada pelos fi\u00e9is. A cerim\u00f4nia foi finalizada com a adora\u00e7\u00e3o ao Sant\u00edssimo e a ben\u00e7\u00e3o final administrada pelo Frei Francisco, Vig\u00e1rio da Par\u00f3quia de Nossa Senhora do Carmo.<\/p>\n<p>&nbsp;<\/p>\n","protected":false},"excerpt":{"rendered":"<p>A \u00faltima segunda-feira (16\/07) foi marcada pelo ponto alto do catolicismo belmontense. Estamos falando do dia em homenagem \u00e0 Nossa Senhora do Carmo, Padroeira da cidade e, atendendo ao importante data, a Igreja da Matriz permaneceu aberta durante todo o dia. Cerim\u00f4nias religiosas e v\u00e1rias manifesta\u00e7\u00f5es de f\u00e9 foram realizadas e um grande n\u00famero de [&hellip;]<\/p>\n","protected":false},"author":7,"featured_media":19164,"comment_status":"open","ping_status":"open","sticky":false,"template":"","format":"standard","meta":{"footnotes":""},"categories":[1,98],"tags":[108],"class_list":["post-19160","post","type-post","status-publish","format-standard","has-post-thumbnail","hentry","category-noticias","category-religiao","tag-belmonte"],"_links":{"self":[{"href":"https:\/\/www.maisbn.com\/portal\/wp-json\/wp\/v2\/posts\/19160","targetHints":{"allow":["GET"]}}],"collection":[{"href":"https:\/\/www.maisbn.com\/portal\/wp-json\/wp\/v2\/posts"}],"about":[{"href":"https:\/\/www.maisbn.com\/portal\/wp-json\/wp\/v2\/types\/post"}],"author":[{"embeddable":true,"href":"https:\/\/www.maisbn.com\/portal\/wp-json\/wp\/v2\/users\/7"}],"replies":[{"embeddable":true,"href":"https:\/\/www.maisbn.com\/portal\/wp-json\/wp\/v2\/comments?post=19160"}],"version-history":[{"count":1,"href":"https:\/\/www.maisbn.com\/portal\/wp-json\/wp\/v2\/posts\/19160\/revisions"}],"predecessor-version":[{"id":19165,"href":"https:\/\/www.maisbn.com\/portal\/wp-json\/wp\/v2\/posts\/19160\/revisions\/19165"}],"wp:featuredmedia":[{"embeddable":true,"href":"https:\/\/www.maisbn.com\/portal\/wp-json\/wp\/v2\/media\/19164"}],"wp:attachment":[{"href":"https:\/\/www.maisbn.com\/portal\/wp-json\/wp\/v2\/media?parent=19160"}],"wp:term":[{"taxonomy":"category","embeddable":true,"href":"https:\/\/www.maisbn.com\/portal\/wp-json\/wp\/v2\/categories?post=19160"},{"taxonomy":"post_tag","embeddable":true,"href":"https:\/\/www.maisbn.com\/portal\/wp-json\/wp\/v2\/tags?post=19160"}],"curies":[{"name":"wp","href":"https:\/\/api.w.org\/{rel}","templated":true}]}}