{"id":19118,"date":"2018-07-13T19:26:14","date_gmt":"2018-07-13T22:26:14","guid":{"rendered":"http:\/\/www.maisbn.com\/portal\/?p=19118"},"modified":"2018-07-13T19:26:14","modified_gmt":"2018-07-13T22:26:14","slug":"nucleo-do-territorio-de-identidade-da-costa-do-descobrimento-realiza-plenaria-em-belmonte","status":"publish","type":"post","link":"https:\/\/www.maisbn.com\/portal\/2018\/07\/nucleo-do-territorio-de-identidade-da-costa-do-descobrimento-realiza-plenaria-em-belmonte\/","title":{"rendered":"N\u00facleo do Territ\u00f3rio de Identidade da Costa do Descobrimento realiza plen\u00e1ria em Belmonte."},"content":{"rendered":"<p>Aconteceu na manh\u00e3 da \u00faltima quinta-feira (12\/07) na sede da C\u00e2mara de Vereadores de Belmonte um dos mais importantes eventos da Costa do Descobrimento. Estamos falando da Plen\u00e1ria do N\u00facleo Diretivo do Territ\u00f3rio de Identidade da Costa do Descobrimento, onde aconteceu a reuni\u00e3o ordin\u00e1ria do Col\u00e9gio do Territ\u00f3rio de Identidade da Costa do Descobrimento (CODETER). O evento, que contou com a presen\u00e7a de Secret\u00e1rios Municipais, Associa\u00e7\u00f5es e Conselhos atuantes na Costa do Descobrimento, teve como objetivo efetuar a homologa\u00e7\u00e3o de novas entidades, discutir o propostas do Regime Interno e discutir o edital do Projeto Bahia Produtiva.<\/p>\n<p><a href=\"http:\/\/www.maisbn.com\/portal\/wp-content\/uploads\/2018\/07\/37042564_1010073345834012_3128445781745336320_n.jpg\"><img loading=\"lazy\" decoding=\"async\" class=\"aligncenter size-full wp-image-19121\" src=\"http:\/\/www.maisbn.com\/portal\/wp-content\/uploads\/2018\/07\/37042564_1010073345834012_3128445781745336320_n.jpg\" alt=\"37042564_1010073345834012_3128445781745336320_n\" width=\"600\" height=\"450\" \/><\/a><\/p>\n<p>O principal foco abordado durante a Plen\u00e1ria foi o fortalecimento da regi\u00e3o da Costa do Descobrimento atrav\u00e9s das suas entidades associativas. A reuni\u00e3o da entidade tamb\u00e9m abordou os Editais do Projeto Bahia Produtiva, onde o Governo do Estado da Bahia, por meio do Edital Alian\u00e7as Produtivas Territoriais, est\u00e1 disponibilizando R$ 60 Milh\u00f5es de Reais direcionados ao apoio das Associa\u00e7\u00f5es e Cooperativas de Agricultura Familiar. Tamb\u00e9m foi abordado o\u00a0edital de Qualifica\u00e7\u00e3o de Agroind\u00fastrias da Agricultura Familiar, no valor de R$ 20 milh\u00f5es, onde os recursos ser\u00e3o aplicados diretamente nas associa\u00e7\u00f5es e cooperativas e contemplar\u00e3o a\u00e7\u00f5es voltadas diretamente para a estrutura\u00e7\u00e3o e funcionamento de agroind\u00fastrias geridas por organiza\u00e7\u00f5es produtivas da agricultura familiar e economia solid\u00e1ria, com investimentos em infraestrutura, produ\u00e7\u00e3o, beneficiamento, comercializa\u00e7\u00e3o, al\u00e9m de apoio \u00e0 gest\u00e3o.<strong><em>\u00a0<\/em><\/strong><\/p>\n<p><a href=\"http:\/\/www.maisbn.com\/portal\/wp-content\/uploads\/2018\/07\/36982745_1010073415834005_3480955845334794240_n.jpg\"><img loading=\"lazy\" decoding=\"async\" class=\"aligncenter size-full wp-image-19122\" src=\"http:\/\/www.maisbn.com\/portal\/wp-content\/uploads\/2018\/07\/36982745_1010073415834005_3480955845334794240_n.jpg\" alt=\"36982745_1010073415834005_3480955845334794240_n\" width=\"600\" height=\"450\" \/><\/a><\/p>\n<p>Ao final das discuss\u00f5es foram feitos os agradecimentos ao Vereador e Presidente da C\u00e2mara, Aelson Matos (Calango), por ter disponibilizado a sede e toda a estrutura do Poder Legislativo belmontense para que o evento acontecesse. O Presidente do Legislativo, acompanhado do Vereador Idinho, conversou com nossa equipe e revelou que apoia a iniciativa e que est\u00e1 \u00e0 disposi\u00e7\u00e3o para ajudar em tudo o que for poss\u00edvel. <strong><em>&#8220;O que foi visto aqui foi a proposta de um crescimento organizado, sustent\u00e1vel e gerador de empregos. Temos que apostar e nos unir para que consigamos chegar a uma melhor distribui\u00e7\u00e3o de riquezas e desenvolvimento para a nossa Costa do Descobrimento.&#8221;<\/em><\/strong> &#8211; Finalizou Aelson Matos (Calango)<\/p>\n","protected":false},"excerpt":{"rendered":"<p>Aconteceu na manh\u00e3 da \u00faltima quinta-feira (12\/07) na sede da C\u00e2mara de Vereadores de Belmonte um dos mais importantes eventos da Costa do Descobrimento. Estamos falando da Plen\u00e1ria do N\u00facleo Diretivo do Territ\u00f3rio de Identidade da Costa do Descobrimento, onde aconteceu a reuni\u00e3o ordin\u00e1ria do Col\u00e9gio do Territ\u00f3rio de Identidade da Costa do Descobrimento (CODETER). [&hellip;]<\/p>\n","protected":false},"author":7,"featured_media":19121,"comment_status":"open","ping_status":"open","sticky":false,"template":"","format":"standard","meta":{"footnotes":""},"categories":[29,1],"tags":[108],"class_list":["post-19118","post","type-post","status-publish","format-standard","has-post-thumbnail","hentry","category-empreendimentos","category-noticias","tag-belmonte"],"_links":{"self":[{"href":"https:\/\/www.maisbn.com\/portal\/wp-json\/wp\/v2\/posts\/19118","targetHints":{"allow":["GET"]}}],"collection":[{"href":"https:\/\/www.maisbn.com\/portal\/wp-json\/wp\/v2\/posts"}],"about":[{"href":"https:\/\/www.maisbn.com\/portal\/wp-json\/wp\/v2\/types\/post"}],"author":[{"embeddable":true,"href":"https:\/\/www.maisbn.com\/portal\/wp-json\/wp\/v2\/users\/7"}],"replies":[{"embeddable":true,"href":"https:\/\/www.maisbn.com\/portal\/wp-json\/wp\/v2\/comments?post=19118"}],"version-history":[{"count":2,"href":"https:\/\/www.maisbn.com\/portal\/wp-json\/wp\/v2\/posts\/19118\/revisions"}],"predecessor-version":[{"id":19123,"href":"https:\/\/www.maisbn.com\/portal\/wp-json\/wp\/v2\/posts\/19118\/revisions\/19123"}],"wp:featuredmedia":[{"embeddable":true,"href":"https:\/\/www.maisbn.com\/portal\/wp-json\/wp\/v2\/media\/19121"}],"wp:attachment":[{"href":"https:\/\/www.maisbn.com\/portal\/wp-json\/wp\/v2\/media?parent=19118"}],"wp:term":[{"taxonomy":"category","embeddable":true,"href":"https:\/\/www.maisbn.com\/portal\/wp-json\/wp\/v2\/categories?post=19118"},{"taxonomy":"post_tag","embeddable":true,"href":"https:\/\/www.maisbn.com\/portal\/wp-json\/wp\/v2\/tags?post=19118"}],"curies":[{"name":"wp","href":"https:\/\/api.w.org\/{rel}","templated":true}]}}