{"id":19098,"date":"2018-07-11T16:16:21","date_gmt":"2018-07-11T19:16:21","guid":{"rendered":"http:\/\/www.maisbn.com\/portal\/?p=19098"},"modified":"2018-07-11T16:24:03","modified_gmt":"2018-07-11T19:24:03","slug":"novena-de-nossa-senhora-do-carmo-permanece-lotada-na-noite-da-camara-de-vereadores","status":"publish","type":"post","link":"https:\/\/www.maisbn.com\/portal\/2018\/07\/novena-de-nossa-senhora-do-carmo-permanece-lotada-na-noite-da-camara-de-vereadores\/","title":{"rendered":"Noite da C\u00e2mara de Vereadores, na Novena de N.S do Carmo, permanece lotada."},"content":{"rendered":"<p>Com muita f\u00e9 e participa\u00e7\u00e3o, os cat\u00f3licos de Belmonte, na regi\u00e3o sul da Bahia, iniciaram o noven\u00e1rio em louvor \u00e0 padroeira do munic\u00edpio, Nossa Senhora do Carmo.\u00a0A festa religiosa \u00e9 uma das mais antigas da regi\u00e3o e a programa\u00e7\u00e3o inclui celebra\u00e7\u00e3o de missas e prociss\u00e3o no dia 16\/07, que \u00e9 o dia da Santa Padroeira.<\/p>\n<p><a href=\"http:\/\/www.maisbn.com\/portal\/wp-content\/uploads\/2018\/07\/noitedosvereadores00041.jpg\"><img loading=\"lazy\" decoding=\"async\" class=\"aligncenter wp-image-19102\" src=\"http:\/\/www.maisbn.com\/portal\/wp-content\/uploads\/2018\/07\/noitedosvereadores00041.jpg\" alt=\"noitedosvereadores00041\" width=\"600\" height=\"385\" \/><\/a><\/p>\n<p>A noite dessa ter\u00e7a-feira (10\/07), da tradicional Novena de Nossa Senhora do Carmo, teve como noiteiros a C\u00e2mara de Vereadores e funcion\u00e1rios. A missa esteve lotada e contou com a presen\u00e7a do Prefeito Janival Borges, do Presidente da C\u00e2mara Aelson Matos (Calango), do Vice-presidente Alfredo Aberceb e demais Vereadores e funcion\u00e1rios da Casa Legislativa Belmontense. A celebra\u00e7\u00e3o do ato religioso ficou por conta do Frei Rui Marques, da Par\u00f3quia de Trancoso (Porto Seguro).<\/p>\n<p><a href=\"http:\/\/www.maisbn.com\/portal\/wp-content\/uploads\/2018\/07\/mosaico_noitevereadores01.jpg\"><img loading=\"lazy\" decoding=\"async\" class=\"aligncenter wp-image-19101\" src=\"http:\/\/www.maisbn.com\/portal\/wp-content\/uploads\/2018\/07\/mosaico_noitevereadores01.jpg\" alt=\"mosaico_noitevereadores01\" width=\"600\" height=\"386\" \/><\/a><\/p>\n<p>Os homenageados da noite foram os\u00a0 profissionais da educa\u00e7\u00e3o e a cerim\u00f4nia foi finalizada pelo Vereador Rog\u00e9rio Bahia que agradeceu a todas as pessoas presentes e em seguida cantou uma m\u00fasica homenageando Nossa Senhora do Carmo. Em seguida, o grande p\u00fablico p\u00f4de assistir as apresenta\u00e7\u00f5es das Filarm\u00f4nicas Lyra Popular e 15 de Setembro que executaram diversos dobrados, pe\u00e7as e maiores produ\u00e7\u00f5es da M\u00fasica Popular Brasileira.<\/p>\n<p><a href=\"http:\/\/www.maisbn.com\/portal\/wp-content\/uploads\/2018\/07\/mosaico_noitevereadores02.jpg\"><img loading=\"lazy\" decoding=\"async\" class=\"aligncenter wp-image-19103\" src=\"http:\/\/www.maisbn.com\/portal\/wp-content\/uploads\/2018\/07\/mosaico_noitevereadores02.jpg\" alt=\"mosaico_noitevereadores02\" width=\"600\" height=\"386\" \/><\/a><\/p>\n<p>Na porta da Igreja, o Presidente da C\u00e2mara Aelson Matos, ressaltou a tradi\u00e7\u00e3o da Festa do Carmo que atrai os filhos do munic\u00edpio que moram em outros estados e ficam esperando o ano todo para curtir os festejos, renovar a sua f\u00e9 e rever familiares. <strong><em>&#8220;\u00c9 um per\u00edodo de reencontro e de renova\u00e7\u00e3o da f\u00e9 muito importante para a nossa cidade que recebe, al\u00e9m dos seus filhos distantes, diversos devotos vindos de v\u00e1rias cidades.&#8221;<\/em><\/strong> &#8211; Finalizou o Vereador.<\/p>\n<p><a href=\"http:\/\/www.maisbn.com\/portal\/wp-content\/uploads\/2018\/07\/noitedosvereadores00038.jpg\"><img loading=\"lazy\" decoding=\"async\" class=\"aligncenter wp-image-19104\" src=\"http:\/\/www.maisbn.com\/portal\/wp-content\/uploads\/2018\/07\/noitedosvereadores00038.jpg\" alt=\"noitedosvereadores00038\" width=\"600\" height=\"385\" \/><\/a><\/p>\n<p>O Prefeito Janival Borges, que estava acompanhado da sua m\u00e3e Dona Luci, tamb\u00e9m conversou com a nossa equipe e comentou que a Festa de Nossa Senhora do Carmo, mesmo com o passar dos anos, mant\u00e9m as suas caracter\u00edsticas originais. <em><strong>&#8220;Esses festejos fazem parte da nossa religiosidade e tamb\u00e9m da nossa cultura. Tudo isso aqui faz parte de uma tradi\u00e7\u00e3o que \u00e9 renovada a cada ano, gra\u00e7as \u00e0 f\u00e9 e devo\u00e7\u00e3o do povo belmontense.&#8221;<\/strong> <\/em>&#8211; Finalizou o gestor belmontense.<\/p>\n<p>&nbsp;<\/p>\n","protected":false},"excerpt":{"rendered":"<p>Com muita f\u00e9 e participa\u00e7\u00e3o, os cat\u00f3licos de Belmonte, na regi\u00e3o sul da Bahia, iniciaram o noven\u00e1rio em louvor \u00e0 padroeira do munic\u00edpio, Nossa Senhora do Carmo.\u00a0A festa religiosa \u00e9 uma das mais antigas da regi\u00e3o e a programa\u00e7\u00e3o inclui celebra\u00e7\u00e3o de missas e prociss\u00e3o no dia 16\/07, que \u00e9 o dia da Santa Padroeira. [&hellip;]<\/p>\n","protected":false},"author":7,"featured_media":19105,"comment_status":"open","ping_status":"open","sticky":false,"template":"","format":"standard","meta":{"footnotes":""},"categories":[1,16],"tags":[108],"class_list":["post-19098","post","type-post","status-publish","format-standard","has-post-thumbnail","hentry","category-noticias","category-policial","tag-belmonte"],"_links":{"self":[{"href":"https:\/\/www.maisbn.com\/portal\/wp-json\/wp\/v2\/posts\/19098","targetHints":{"allow":["GET"]}}],"collection":[{"href":"https:\/\/www.maisbn.com\/portal\/wp-json\/wp\/v2\/posts"}],"about":[{"href":"https:\/\/www.maisbn.com\/portal\/wp-json\/wp\/v2\/types\/post"}],"author":[{"embeddable":true,"href":"https:\/\/www.maisbn.com\/portal\/wp-json\/wp\/v2\/users\/7"}],"replies":[{"embeddable":true,"href":"https:\/\/www.maisbn.com\/portal\/wp-json\/wp\/v2\/comments?post=19098"}],"version-history":[{"count":4,"href":"https:\/\/www.maisbn.com\/portal\/wp-json\/wp\/v2\/posts\/19098\/revisions"}],"predecessor-version":[{"id":19109,"href":"https:\/\/www.maisbn.com\/portal\/wp-json\/wp\/v2\/posts\/19098\/revisions\/19109"}],"wp:featuredmedia":[{"embeddable":true,"href":"https:\/\/www.maisbn.com\/portal\/wp-json\/wp\/v2\/media\/19105"}],"wp:attachment":[{"href":"https:\/\/www.maisbn.com\/portal\/wp-json\/wp\/v2\/media?parent=19098"}],"wp:term":[{"taxonomy":"category","embeddable":true,"href":"https:\/\/www.maisbn.com\/portal\/wp-json\/wp\/v2\/categories?post=19098"},{"taxonomy":"post_tag","embeddable":true,"href":"https:\/\/www.maisbn.com\/portal\/wp-json\/wp\/v2\/tags?post=19098"}],"curies":[{"name":"wp","href":"https:\/\/api.w.org\/{rel}","templated":true}]}}