{"id":19095,"date":"2018-07-10T22:22:34","date_gmt":"2018-07-11T01:22:34","guid":{"rendered":"http:\/\/www.maisbn.com\/portal\/?p=19095"},"modified":"2018-07-10T22:22:34","modified_gmt":"2018-07-11T01:22:34","slug":"mec-suspende-fies-prouni-e-pronatec-da-faculdade-de-ciencias-medicas-da-bahia","status":"publish","type":"post","link":"https:\/\/www.maisbn.com\/portal\/2018\/07\/mec-suspende-fies-prouni-e-pronatec-da-faculdade-de-ciencias-medicas-da-bahia\/","title":{"rendered":"MEC suspende FIES, ProUni e Pronatec da Faculdade de Ci\u00eancias M\u00e9dicas da Bahia."},"content":{"rendered":"<p><a href=\"http:\/\/www.maisbn.com\/portal\/wp-content\/uploads\/2018\/07\/001faculdade.jpg\"><img loading=\"lazy\" decoding=\"async\" class=\"aligncenter size-full wp-image-19096\" src=\"http:\/\/www.maisbn.com\/portal\/wp-content\/uploads\/2018\/07\/001faculdade.jpg\" alt=\"001faculdade\" width=\"640\" height=\"360\" \/><\/a><\/p>\n<p>O Minist\u00e9rio da Educa\u00e7\u00e3o (MEC) suspendeu o Fundo de Financiamento Estudantil (Fies), o Programa Universidade para Todos (ProUni) e o Programa Nacional de Acesso ao Ensino T\u00e9cnico e Emprego (Pronatec) da Faculdade de Ci\u00eancias M\u00e9dicas da Bahia, mantida pelo Centro Educacional do Sul da Bahia Ltda. A portaria com a decis\u00e3o foi publicada nesta segunda-feira, 9.<\/p>\n<p>Al\u00e9m da perda dos financiamentos, a faculdade ter\u00e1 que suspender o ingresso de estudantes por vestibular, transfer\u00eancia ou qualquer forma de processo seletivo em todos os cursos, ainda interromper imediatamente a oferta de cursos de extens\u00e3o <strong><em>&#8220;no \u00e2mbito de programa pr\u00f3prio ou qualquer outro, sob quaisquer designa\u00e7\u00f5es, dentro ou fora de sua sede&#8221;<\/em><\/strong>, registra a portaria, que ainda determina que a faculdade informe claramente alunos, professores e funcion\u00e1rios da determina\u00e7\u00e3o do MEC, inclusive no\u00a0<strong><a href=\"http:\/\/www.cienciasmedicas.net.br\/\" target=\"_blank\">site da institui\u00e7\u00e3o<\/a><\/strong>, que nesta ter\u00e7a-feira,10, estava em manuten\u00e7\u00e3o.<\/p>\n<p>Segundo o site do MEC, a Faculdade\u00a0de Ci\u00eancias M\u00e9dicas da Bahia oferecia cursos de especializa\u00e7\u00e3o em Direito M\u00e9dico e Odontol\u00f3gico, Enfermagem em Urg\u00eancia e Emerg\u00eancia e Sa\u00fade Publica com \u00eanfase em Sa\u00fade da Fam\u00edlia. Depois da notifica\u00e7\u00e3o, a Faculdade de Ci\u00eancias M\u00e9dicas da Bahia poder\u00e1 apresentar defesa no prazo de at\u00e9 15 dias e recurso ao Conselho Nacional de Educa\u00e7\u00e3o em 30 dias. A reportagem tentou contato com a faculdade por telefone e e-mail, mas n\u00e3o obteve retorno. Os n\u00fameros de telefones dispon\u00edveis no site do\u00a0Centro Educacional do Sul da Bahia\u00a0e da\u00a0Faculdade de Ci\u00eancias M\u00e9dicas da Bahia n\u00e3o existem.<\/p>\n<p><em><strong>Fonte: Jornal A Tarde<\/strong><\/em><\/p>\n","protected":false},"excerpt":{"rendered":"<p>O Minist\u00e9rio da Educa\u00e7\u00e3o (MEC) suspendeu o Fundo de Financiamento Estudantil (Fies), o Programa Universidade para Todos (ProUni) e o Programa Nacional de Acesso ao Ensino T\u00e9cnico e Emprego (Pronatec) da Faculdade de Ci\u00eancias M\u00e9dicas da Bahia, mantida pelo Centro Educacional do Sul da Bahia Ltda. A portaria com a decis\u00e3o foi publicada nesta segunda-feira, [&hellip;]<\/p>\n","protected":false},"author":7,"featured_media":19096,"comment_status":"open","ping_status":"open","sticky":false,"template":"","format":"standard","meta":{"footnotes":""},"categories":[8,1],"tags":[108],"class_list":["post-19095","post","type-post","status-publish","format-standard","has-post-thumbnail","hentry","category-educacao","category-noticias","tag-belmonte"],"_links":{"self":[{"href":"https:\/\/www.maisbn.com\/portal\/wp-json\/wp\/v2\/posts\/19095","targetHints":{"allow":["GET"]}}],"collection":[{"href":"https:\/\/www.maisbn.com\/portal\/wp-json\/wp\/v2\/posts"}],"about":[{"href":"https:\/\/www.maisbn.com\/portal\/wp-json\/wp\/v2\/types\/post"}],"author":[{"embeddable":true,"href":"https:\/\/www.maisbn.com\/portal\/wp-json\/wp\/v2\/users\/7"}],"replies":[{"embeddable":true,"href":"https:\/\/www.maisbn.com\/portal\/wp-json\/wp\/v2\/comments?post=19095"}],"version-history":[{"count":1,"href":"https:\/\/www.maisbn.com\/portal\/wp-json\/wp\/v2\/posts\/19095\/revisions"}],"predecessor-version":[{"id":19097,"href":"https:\/\/www.maisbn.com\/portal\/wp-json\/wp\/v2\/posts\/19095\/revisions\/19097"}],"wp:featuredmedia":[{"embeddable":true,"href":"https:\/\/www.maisbn.com\/portal\/wp-json\/wp\/v2\/media\/19096"}],"wp:attachment":[{"href":"https:\/\/www.maisbn.com\/portal\/wp-json\/wp\/v2\/media?parent=19095"}],"wp:term":[{"taxonomy":"category","embeddable":true,"href":"https:\/\/www.maisbn.com\/portal\/wp-json\/wp\/v2\/categories?post=19095"},{"taxonomy":"post_tag","embeddable":true,"href":"https:\/\/www.maisbn.com\/portal\/wp-json\/wp\/v2\/tags?post=19095"}],"curies":[{"name":"wp","href":"https:\/\/api.w.org\/{rel}","templated":true}]}}