{"id":19042,"date":"2018-07-06T19:36:48","date_gmt":"2018-07-06T22:36:48","guid":{"rendered":"http:\/\/www.maisbn.com\/portal\/?p=19042"},"modified":"2018-07-06T19:36:48","modified_gmt":"2018-07-06T22:36:48","slug":"estado-reconhece-emergencia-nos-municipios-de-belmonte-e-canudos","status":"publish","type":"post","link":"https:\/\/www.maisbn.com\/portal\/2018\/07\/estado-reconhece-emergencia-nos-municipios-de-belmonte-e-canudos\/","title":{"rendered":"Estado reconhece emerg\u00eancia nos munic\u00edpios de Belmonte e Canudos."},"content":{"rendered":"<p>Com necessidades de amparo estadual para enfrentar os problemas decorrentes do clima, os munic\u00edpios de Canudos (a 409 km de Salvador na regi\u00e3o nordeste) e Belmonte (a 698 km da capital, na costa litor\u00e2nea sul) tiveram nesta quinta-feira, 5,\u00a0reconhecidos pela Defesa Civil os decretos municipais de emerg\u00eancia, por causa da seca e da chuva, respectivamente. No total, conforme os dados do \u00f3rg\u00e3o, o estado soma 150 munic\u00edpios com decreto vigente por estiagem, a maioria situada em locais de clima semi\u00e1rido, e cinco cidades atingidas por fortes chuvas desde o in\u00edcio deste ano com decreto j\u00e1 reconhecido.<\/p>\n<div id=\"attachment_8058\" style=\"width: 660px\" class=\"wp-caption aligncenter\"><a href=\"http:\/\/www.maisbn.com\/portal\/wp-content\/uploads\/2015\/06\/saobenedito00007.jpg\"><img loading=\"lazy\" decoding=\"async\" aria-describedby=\"caption-attachment-8058\" class=\"size-full wp-image-8058\" src=\"http:\/\/www.maisbn.com\/portal\/wp-content\/uploads\/2015\/06\/saobenedito00007.jpg\" alt=\"Arquivo +BN\" width=\"650\" height=\"412\" \/><\/a><p id=\"caption-attachment-8058\" class=\"wp-caption-text\">Arquivo +BN<\/p><\/div>\n<p><em><strong>\u201cN\u00f3s estamos h\u00e1 mais de 60 dias com chuvas quase di\u00e1rias\u201d<\/strong><\/em>, disse o coordenador de Defesa Civil de Belmonte, Raimundo Carvalho, acrescentando que nos meses de maio e junho a m\u00e9dia ficou em torno de 400 mm\/m\u00eas e que a chuvarada alagou todas as estradas vicinais. Ele, que tamb\u00e9m \u00e9 secret\u00e1rio municipal de Meio Ambiente, salientou que em alguns lugares, mesmo com a diminui\u00e7\u00e3o das chuvas, ainda n\u00e3o tem como passar pelas estradas, e algumas fam\u00edlias est\u00e3o ilhadas.<\/p>\n<p><a href=\"http:\/\/www.maisbn.com\/portal\/wp-content\/uploads\/2018\/06\/IMG-20180621-WA0004.jpg\"><img loading=\"lazy\" decoding=\"async\" class=\" wp-image-18836\" src=\"http:\/\/www.maisbn.com\/portal\/wp-content\/uploads\/2018\/06\/IMG-20180621-WA0004-1000x562.jpg\" alt=\"Estrada rompida pelas for\u00e7a da \u00e1gua em Mogiqui\u00e7aba.\" width=\"601\" height=\"338\" srcset=\"https:\/\/www.maisbn.com\/portal\/wp-content\/uploads\/2018\/06\/IMG-20180621-WA0004-1000x562.jpg 1000w, https:\/\/www.maisbn.com\/portal\/wp-content\/uploads\/2018\/06\/IMG-20180621-WA0004.jpg 1040w\" sizes=\"auto, (max-width: 601px) 100vw, 601px\" \/><\/a><\/p>\n<p>O distrito de Mogiqui\u00e7aba foi o mais atingido, com desmoronamento de parte da BA-001, alagamento de casas e dez fam\u00edlias desabrigadas. <em><strong>\u201cTivemos im\u00f3veis comprometidos e pagamos aluguel social para estas pessoas\u201d<\/strong><\/em>, disse Carvalho. Conforme o coordenador da Defesa Civil, <strong><em>\u201co assoreamento do rio Jequitinhonha provocou inunda\u00e7\u00e3o de uma vasta \u00e1rea e perda das lavouras\u201d<\/em><\/strong>. A estimativa \u00e9 que sejam necess\u00e1rios entre R$ 800 mil a R$ 1 milh\u00e3o <em><strong>\u201cpara recompor alguma coisa. Mas isso n\u00e3o d\u00e1 para ficar como estava antes\u201d<\/strong><\/em>, disse.<\/p>\n<p><a href=\"http:\/\/www.maisbn.com\/portal\/wp-content\/uploads\/2018\/07\/seca-bahia.jpg\"><img loading=\"lazy\" decoding=\"async\" class=\"aligncenter  wp-image-19043\" src=\"http:\/\/www.maisbn.com\/portal\/wp-content\/uploads\/2018\/07\/seca-bahia.jpg\" alt=\"seca-bahia\" width=\"601\" height=\"305\" \/><\/a><\/p>\n<p>A falta de chuvas em boa medida levou o prefeito de Canudos, munic\u00edpio situado em pleno semi\u00e1rido baiano afetado pela estiagem, a decretar emerg\u00eancia e solicitar aux\u00edlio do estado. De acordo com o secret\u00e1rio de Agricultura e Desenvolvimento Econ\u00f4mico de Canudos, Amilton Bonfim, <em><strong>\u201ceste ano nossa produ\u00e7\u00e3o foi zero. As chuvas que ca\u00edram n\u00e3o encheram as barragens e barreiros\u201d<\/strong><\/em>, lamentou. Ele acrescentou que o a\u00e7ude Cocorob\u00f3, que serve a Canudos e outros munic\u00edpios no entorno de Euclides da Cunha, est\u00e1 com 20% da sua capacidade e se destina apenas ao consumo humano. A distribui\u00e7\u00e3o \u00e9 feita por carros-pipa do Ex\u00e9rcito e outros contratados pelo munic\u00edpio com apoio do estado.<\/p>\n<p><em><strong>Fonte: Jornal A Tarde<\/strong><\/em><\/p>\n<p>&nbsp;<\/p>\n","protected":false},"excerpt":{"rendered":"<p>Com necessidades de amparo estadual para enfrentar os problemas decorrentes do clima, os munic\u00edpios de Canudos (a 409 km de Salvador na regi\u00e3o nordeste) e Belmonte (a 698 km da capital, na costa litor\u00e2nea sul) tiveram nesta quinta-feira, 5,\u00a0reconhecidos pela Defesa Civil os decretos municipais de emerg\u00eancia, por causa da seca e da chuva, respectivamente. [&hellip;]<\/p>\n","protected":false},"author":7,"featured_media":18836,"comment_status":"open","ping_status":"open","sticky":false,"template":"","format":"standard","meta":{"footnotes":""},"categories":[45,1],"tags":[108],"class_list":["post-19042","post","type-post","status-publish","format-standard","has-post-thumbnail","hentry","category-cidades","category-noticias","tag-belmonte"],"_links":{"self":[{"href":"https:\/\/www.maisbn.com\/portal\/wp-json\/wp\/v2\/posts\/19042","targetHints":{"allow":["GET"]}}],"collection":[{"href":"https:\/\/www.maisbn.com\/portal\/wp-json\/wp\/v2\/posts"}],"about":[{"href":"https:\/\/www.maisbn.com\/portal\/wp-json\/wp\/v2\/types\/post"}],"author":[{"embeddable":true,"href":"https:\/\/www.maisbn.com\/portal\/wp-json\/wp\/v2\/users\/7"}],"replies":[{"embeddable":true,"href":"https:\/\/www.maisbn.com\/portal\/wp-json\/wp\/v2\/comments?post=19042"}],"version-history":[{"count":1,"href":"https:\/\/www.maisbn.com\/portal\/wp-json\/wp\/v2\/posts\/19042\/revisions"}],"predecessor-version":[{"id":19044,"href":"https:\/\/www.maisbn.com\/portal\/wp-json\/wp\/v2\/posts\/19042\/revisions\/19044"}],"wp:featuredmedia":[{"embeddable":true,"href":"https:\/\/www.maisbn.com\/portal\/wp-json\/wp\/v2\/media\/18836"}],"wp:attachment":[{"href":"https:\/\/www.maisbn.com\/portal\/wp-json\/wp\/v2\/media?parent=19042"}],"wp:term":[{"taxonomy":"category","embeddable":true,"href":"https:\/\/www.maisbn.com\/portal\/wp-json\/wp\/v2\/categories?post=19042"},{"taxonomy":"post_tag","embeddable":true,"href":"https:\/\/www.maisbn.com\/portal\/wp-json\/wp\/v2\/tags?post=19042"}],"curies":[{"name":"wp","href":"https:\/\/api.w.org\/{rel}","templated":true}]}}