{"id":19017,"date":"2018-07-05T16:58:03","date_gmt":"2018-07-05T19:58:03","guid":{"rendered":"http:\/\/www.maisbn.com\/portal\/?p=19017"},"modified":"2018-07-05T16:58:03","modified_gmt":"2018-07-05T19:58:03","slug":"prefeito-janival-borges-e-deputado-janio-natal-conseguem-uma-escavadeira-nova-para-belmonte","status":"publish","type":"post","link":"https:\/\/www.maisbn.com\/portal\/2018\/07\/prefeito-janival-borges-e-deputado-janio-natal-conseguem-uma-escavadeira-nova-para-belmonte\/","title":{"rendered":"Prefeito Janival Borges e Deputado J\u00e2nio Natal conseguem uma escavadeira nova para Belmonte."},"content":{"rendered":"<p>O Prefeito Janival Borges esteve na manh\u00e3 dessa quinta-feira (05\/07) em Feira de Santana para receber pessoalmente uma escavadeira conquistada com recursos do Governo Federal vindos de uma emenda parlamentar do Deputado Federal e pr\u00e9-candidato ao Senado, Jutahi Magalh\u00e3es.<\/p>\n<p><a href=\"http:\/\/www.maisbn.com\/portal\/wp-content\/uploads\/2018\/07\/WhatsApp-Image-2018-07-05-at-11.01.47-AM.jpeg\"><img loading=\"lazy\" decoding=\"async\" class=\"aligncenter  wp-image-19018\" src=\"http:\/\/www.maisbn.com\/portal\/wp-content\/uploads\/2018\/07\/WhatsApp-Image-2018-07-05-at-11.01.47-AM-1000x750.jpeg\" alt=\"WhatsApp Image 2018-07-05 at 11.01.47 AM\" width=\"600\" height=\"450\" srcset=\"https:\/\/www.maisbn.com\/portal\/wp-content\/uploads\/2018\/07\/WhatsApp-Image-2018-07-05-at-11.01.47-AM-1000x750.jpeg 1000w, https:\/\/www.maisbn.com\/portal\/wp-content\/uploads\/2018\/07\/WhatsApp-Image-2018-07-05-at-11.01.47-AM.jpeg 1280w\" sizes=\"auto, (max-width: 600px) 100vw, 600px\" \/><\/a><\/p>\n<p>O gestor belmontense comemorou a conquista e ressaltou a import\u00e2ncia do equipamento para a cidade, j\u00e1 que, o mesmo ser\u00e1 muito eficiente na limpeza de canais e auxiliar\u00e1 no combate aos alagamentos dos bairros Bom Jardim e S\u00e3o Benedito.<strong><em> &#8220;Esse \u00e9 um presente muito importante para a nossa cidade e tudo isso \u00e9 fruto da articula\u00e7\u00e3o pol\u00edtica forte realizada pelo Deputado Estadual J\u00e2nio Natal&#8221;<\/em> <\/strong>&#8211; Colocou o Prefeito Janival Borges que ainda ressaltou que a Prefeitura de Belmonte tamb\u00e9m est\u00e1 investindo no treinamento do servidor que ir\u00e1 operar a escavadeira, investindo assim, na qualifica\u00e7\u00e3o do mesmo. <em><strong>&#8220;Escolhemos um servidor e bancamos todos os custos da especializa\u00e7\u00e3o para que ele esteja habilitado a operar o equipamento com seguran\u00e7a e profissionalismo.&#8221;<\/strong><\/em> &#8211; Finalizou Janival.<\/p>\n<p><a href=\"http:\/\/www.maisbn.com\/portal\/wp-content\/uploads\/2018\/07\/WhatsApp-Image-2018-07-05-at-11.23.06-AM.jpeg\"><img loading=\"lazy\" decoding=\"async\" class=\"aligncenter  wp-image-19019\" src=\"http:\/\/www.maisbn.com\/portal\/wp-content\/uploads\/2018\/07\/WhatsApp-Image-2018-07-05-at-11.23.06-AM-1000x750.jpeg\" alt=\"WhatsApp Image 2018-07-05 at 11.23.06 AM\" width=\"601\" height=\"451\" srcset=\"https:\/\/www.maisbn.com\/portal\/wp-content\/uploads\/2018\/07\/WhatsApp-Image-2018-07-05-at-11.23.06-AM-1000x750.jpeg 1000w, https:\/\/www.maisbn.com\/portal\/wp-content\/uploads\/2018\/07\/WhatsApp-Image-2018-07-05-at-11.23.06-AM.jpeg 1040w\" sizes=\"auto, (max-width: 601px) 100vw, 601px\" \/><\/a><\/p>\n<p>Depois de receber o equipamento, o gestor belmontense, acompanhado do Deputado Federal Barcelar,\u00a0 viajou para Salvador para se encontrar com o Governador Rui Costa e com o Deputado Estadual J\u00e2nio Natal. <em><strong>&#8220;Asseguro que ainda mais not\u00edcias boas estar\u00e3o chegando para a nossa Belmonte e que \u00f3timos resultados ser\u00e3o obtidos nessa visita que faremos ao Governador Rui Costa.&#8221;<\/strong><\/em> &#8211; Finalizou o Prefeito de Belmonte.<\/p>\n","protected":false},"excerpt":{"rendered":"<p>O Prefeito Janival Borges esteve na manh\u00e3 dessa quinta-feira (05\/07) em Feira de Santana para receber pessoalmente uma escavadeira conquistada com recursos do Governo Federal vindos de uma emenda parlamentar do Deputado Federal e pr\u00e9-candidato ao Senado, Jutahi Magalh\u00e3es. O gestor belmontense comemorou a conquista e ressaltou a import\u00e2ncia do equipamento para a cidade, j\u00e1 [&hellip;]<\/p>\n","protected":false},"author":7,"featured_media":19018,"comment_status":"open","ping_status":"open","sticky":false,"template":"","format":"standard","meta":{"footnotes":""},"categories":[45,1],"tags":[108],"class_list":["post-19017","post","type-post","status-publish","format-standard","has-post-thumbnail","hentry","category-cidades","category-noticias","tag-belmonte"],"_links":{"self":[{"href":"https:\/\/www.maisbn.com\/portal\/wp-json\/wp\/v2\/posts\/19017","targetHints":{"allow":["GET"]}}],"collection":[{"href":"https:\/\/www.maisbn.com\/portal\/wp-json\/wp\/v2\/posts"}],"about":[{"href":"https:\/\/www.maisbn.com\/portal\/wp-json\/wp\/v2\/types\/post"}],"author":[{"embeddable":true,"href":"https:\/\/www.maisbn.com\/portal\/wp-json\/wp\/v2\/users\/7"}],"replies":[{"embeddable":true,"href":"https:\/\/www.maisbn.com\/portal\/wp-json\/wp\/v2\/comments?post=19017"}],"version-history":[{"count":1,"href":"https:\/\/www.maisbn.com\/portal\/wp-json\/wp\/v2\/posts\/19017\/revisions"}],"predecessor-version":[{"id":19020,"href":"https:\/\/www.maisbn.com\/portal\/wp-json\/wp\/v2\/posts\/19017\/revisions\/19020"}],"wp:featuredmedia":[{"embeddable":true,"href":"https:\/\/www.maisbn.com\/portal\/wp-json\/wp\/v2\/media\/19018"}],"wp:attachment":[{"href":"https:\/\/www.maisbn.com\/portal\/wp-json\/wp\/v2\/media?parent=19017"}],"wp:term":[{"taxonomy":"category","embeddable":true,"href":"https:\/\/www.maisbn.com\/portal\/wp-json\/wp\/v2\/categories?post=19017"},{"taxonomy":"post_tag","embeddable":true,"href":"https:\/\/www.maisbn.com\/portal\/wp-json\/wp\/v2\/tags?post=19017"}],"curies":[{"name":"wp","href":"https:\/\/api.w.org\/{rel}","templated":true}]}}