{"id":19005,"date":"2018-07-04T21:46:44","date_gmt":"2018-07-05T00:46:44","guid":{"rendered":"http:\/\/www.maisbn.com\/portal\/?p=19005"},"modified":"2018-07-04T21:46:44","modified_gmt":"2018-07-05T00:46:44","slug":"indios-pataxos-ocupam-prefeitura-de-cabralia-reivindicando-transporte-escolar","status":"publish","type":"post","link":"https:\/\/www.maisbn.com\/portal\/2018\/07\/indios-pataxos-ocupam-prefeitura-de-cabralia-reivindicando-transporte-escolar\/","title":{"rendered":"\u00cdndios Patax\u00f3s ocupam Prefeitura de Cabr\u00e1lia reivindicando transporte escolar."},"content":{"rendered":"<p><a href=\"http:\/\/www.maisbn.com\/portal\/wp-content\/uploads\/2018\/07\/pataxo_indio.jpg\"><img loading=\"lazy\" decoding=\"async\" class=\"aligncenter  wp-image-19006\" src=\"http:\/\/www.maisbn.com\/portal\/wp-content\/uploads\/2018\/07\/pataxo_indio.jpg\" alt=\"pataxo_indio\" width=\"600\" height=\"379\" \/><\/a><\/p>\n<p>Um grupo de cerca 70 \u00edndios patax\u00f3 da aldeia de Mata Medonha, pr\u00f3xima ao distrito de Santo Ant\u00f4nio, em Santa Cruz Cabr\u00e1lia, ocupa, desde as 10h da manh\u00e3 desta quarta-feira (04), a sede da prefeitura do munic\u00edpio. Os ind\u00edgenas afirmam que s\u00f3 desocupar\u00e3o o pr\u00e9dio ap\u00f3s terem uma reuni\u00e3o com o prefeito Agnelo Santos. \u201cEle mandou os secret\u00e1rios conversarem conosco, mas n\u00f3s queremos conversar com ele. J\u00e1 cansamos de esperar\u201d, disse um \u00edndio. De acordo com a lideran\u00e7a ind\u00edgena apurum\u00e3, o grupo est\u00e1 reivindicando transporte escolar, melhorias na estrada de acesso \u00e0 aldeia e no pr\u00e9dio da escola da comunidade. \u201cH\u00e1 cerca de um m\u00eas as crian\u00e7as est\u00e3o sem poder ir \u00e0s aulas. Al\u00e9m dos 115 alunos que estudam no col\u00e9gio da aldeia, ainda h\u00e1 mais 30 jovens que cursam o ensino m\u00e9dio na escola do distrito de Santo Ant\u00f4nio\u201d, contou.<\/p>\n<p><a href=\"http:\/\/www.maisbn.com\/portal\/wp-content\/uploads\/2018\/07\/pataxo_indio2.jpg\"><img loading=\"lazy\" decoding=\"async\" class=\"aligncenter  wp-image-19007\" src=\"http:\/\/www.maisbn.com\/portal\/wp-content\/uploads\/2018\/07\/pataxo_indio2.jpg\" alt=\"pataxo_indio2\" width=\"600\" height=\"373\" \/><\/a><\/p>\n<p>&nbsp;<\/p>\n<div class=\"post-body entry-content\">\n<div>Segundo o ind\u00edgena, para chegar \u00e0 escola dentro da aldeia, muitas crian\u00e7as precisam se deslocar at\u00e9 tr\u00eas quil\u00f4metros. J\u00e1 os alunos que v\u00e3o a Santo Ant\u00f4nio percorrem uma dist\u00e2ncia de cerca de nove quil\u00f4metros. A secret\u00e1ria de Educa\u00e7\u00e3o de Santa Cruz Cabr\u00e1lia, Dilza Reis, confirmou ao RADAR 64 que o ve\u00edculo utilizado para o transporte escolar\u00a0 dos estudantes da aldeia est\u00e1 quebrado. \u201c\u00c9 o carro do projeto A Caminho da Escola, do Governo Federal. Das oito pe\u00e7as necess\u00e1rias para a manuten\u00e7\u00e3o, s\u00f3 conseguimos encontrar tr\u00eas no munic\u00edpio\u201d, afirmou a secret\u00e1ria.\u00a0Dilza informou que j\u00e1 se reuniu com o representante da empresa respons\u00e1vel pelo transporte escolar e pediu que ele providenciasse um novo ve\u00edculo para substituir o que est\u00e1 em manuten\u00e7\u00e3o. *Informa\u00e7\u00f5es do Radar64<\/div>\n<div><\/div>\n<\/div>\n<div class=\"post-footer\">\n<div class=\"post-footer-line post-footer-line-\"><\/div>\n<div class=\"post-footer-line post-footer-line-2\">\n<div id=\"fb-root\" class=\" fb_reset\">\n<div><\/div>\n<div><\/div>\n<\/div>\n<div class=\"horizontal-social-buttons\"><\/div>\n<\/div>\n<\/div>\n","protected":false},"excerpt":{"rendered":"<p>Um grupo de cerca 70 \u00edndios patax\u00f3 da aldeia de Mata Medonha, pr\u00f3xima ao distrito de Santo Ant\u00f4nio, em Santa Cruz Cabr\u00e1lia, ocupa, desde as 10h da manh\u00e3 desta quarta-feira (04), a sede da prefeitura do munic\u00edpio. Os ind\u00edgenas afirmam que s\u00f3 desocupar\u00e3o o pr\u00e9dio ap\u00f3s terem uma reuni\u00e3o com o prefeito Agnelo Santos. \u201cEle [&hellip;]<\/p>\n","protected":false},"author":7,"featured_media":19007,"comment_status":"open","ping_status":"open","sticky":false,"template":"","format":"standard","meta":{"footnotes":""},"categories":[1,16],"tags":[108],"class_list":["post-19005","post","type-post","status-publish","format-standard","has-post-thumbnail","hentry","category-noticias","category-policial","tag-belmonte"],"_links":{"self":[{"href":"https:\/\/www.maisbn.com\/portal\/wp-json\/wp\/v2\/posts\/19005","targetHints":{"allow":["GET"]}}],"collection":[{"href":"https:\/\/www.maisbn.com\/portal\/wp-json\/wp\/v2\/posts"}],"about":[{"href":"https:\/\/www.maisbn.com\/portal\/wp-json\/wp\/v2\/types\/post"}],"author":[{"embeddable":true,"href":"https:\/\/www.maisbn.com\/portal\/wp-json\/wp\/v2\/users\/7"}],"replies":[{"embeddable":true,"href":"https:\/\/www.maisbn.com\/portal\/wp-json\/wp\/v2\/comments?post=19005"}],"version-history":[{"count":1,"href":"https:\/\/www.maisbn.com\/portal\/wp-json\/wp\/v2\/posts\/19005\/revisions"}],"predecessor-version":[{"id":19008,"href":"https:\/\/www.maisbn.com\/portal\/wp-json\/wp\/v2\/posts\/19005\/revisions\/19008"}],"wp:featuredmedia":[{"embeddable":true,"href":"https:\/\/www.maisbn.com\/portal\/wp-json\/wp\/v2\/media\/19007"}],"wp:attachment":[{"href":"https:\/\/www.maisbn.com\/portal\/wp-json\/wp\/v2\/media?parent=19005"}],"wp:term":[{"taxonomy":"category","embeddable":true,"href":"https:\/\/www.maisbn.com\/portal\/wp-json\/wp\/v2\/categories?post=19005"},{"taxonomy":"post_tag","embeddable":true,"href":"https:\/\/www.maisbn.com\/portal\/wp-json\/wp\/v2\/tags?post=19005"}],"curies":[{"name":"wp","href":"https:\/\/api.w.org\/{rel}","templated":true}]}}