{"id":18990,"date":"2018-07-04T21:11:54","date_gmt":"2018-07-05T00:11:54","guid":{"rendered":"http:\/\/www.maisbn.com\/portal\/?p=18990"},"modified":"2018-07-05T00:34:44","modified_gmt":"2018-07-05T03:34:44","slug":"homem-desaparecido-no-ultimo-domingo-em-barrolandia-e-encontrado-morto","status":"publish","type":"post","link":"https:\/\/www.maisbn.com\/portal\/2018\/07\/homem-desaparecido-no-ultimo-domingo-em-barrolandia-e-encontrado-morto\/","title":{"rendered":"Homem desaparecido no \u00faltimo domingo em Barrol\u00e2ndia \u00e9 encontrado morto."},"content":{"rendered":"<p>Um cad\u00e1ver foi encontrado na manh\u00e3 dessa quarta-feira (04\/07) por trabalhadores rurais na localidade conhecida como Fazenda Boa Vista, \u00e0s margens do Rio Jequitinhonha. Imediatamente a Pol\u00edcia Militar foi acionada e, ao chegar ao local com o Departamento de Pol\u00edcia T\u00e9cnica e do Instituto M\u00e9dico Legal, constatou que os restos mortais encontrados s\u00e3o de Jo\u00e3o Batista Santos Damasceno (43 anos).<\/p>\n<p><a href=\"http:\/\/www.maisbn.com\/portal\/wp-content\/uploads\/2018\/07\/WhatsApp-Image-2018-07-03-at-4.09.09-PM.jpeg\"><img loading=\"lazy\" decoding=\"async\" class=\"aligncenter wp-image-18992\" src=\"http:\/\/www.maisbn.com\/portal\/wp-content\/uploads\/2018\/07\/WhatsApp-Image-2018-07-03-at-4.09.09-PM.jpeg\" alt=\"WhatsApp Image 2018-07-03 at 4.09.09 PM\" width=\"601\" height=\"387\" \/><\/a><\/p>\n<p>Jo\u00e3o Batista, segundo informa\u00e7\u00f5es dos familiares, tinha sa\u00eddo por volta das 10:00Hrs da manh\u00e3 do \u00faltimo domingo (01\/07) e n\u00e3o tinha retornado mais. A fam\u00edlia acionou as for\u00e7as policiais e vinha procurando saber o paradeiro de Jo\u00e3o Batista.<\/p>\n<p><a href=\"http:\/\/www.maisbn.com\/portal\/wp-content\/uploads\/2018\/07\/WhatsApp-Image-2018-07-04-at-7.22.33-PM.jpeg\"><img loading=\"lazy\" decoding=\"async\" class=\"aligncenter size-full wp-image-19003\" src=\"http:\/\/www.maisbn.com\/portal\/wp-content\/uploads\/2018\/07\/WhatsApp-Image-2018-07-04-at-7.22.33-PM.jpeg\" alt=\"WhatsApp Image 2018-07-04 at 7.22.33 PM\" width=\"581\" height=\"352\" \/><\/a><\/p>\n<p>Os peritos n\u00e3o conseguiram detectar o meio usado para a causar a morte de Jo\u00e3o Batista porque o corpo estava em estado avan\u00e7ado de decomposi\u00e7\u00e3o. Mas algumas marcas encontradas mostram ind\u00edcios de que o mesmo foi torturado antes de vir a \u00f3bito. As primeiras investiga\u00e7\u00f5es atribuem a responsabilidade do crime a uma fac\u00e7\u00e3o criminosa que atua fortemente no tr\u00e1fico de drogas em Barrol\u00e2ndia. Algumas den\u00fancias constam que ainda existe uma outra pessoa que tamb\u00e9m estaria sendo torturada no local e que o corpo pode ter sido levado para outro lugar . As for\u00e7as policiais agora tentam descobrir o que motivou o assassinato, bem como, os homicidas autores do crime.<\/p>\n","protected":false},"excerpt":{"rendered":"<p>Um cad\u00e1ver foi encontrado na manh\u00e3 dessa quarta-feira (04\/07) por trabalhadores rurais na localidade conhecida como Fazenda Boa Vista, \u00e0s margens do Rio Jequitinhonha. Imediatamente a Pol\u00edcia Militar foi acionada e, ao chegar ao local com o Departamento de Pol\u00edcia T\u00e9cnica e do Instituto M\u00e9dico Legal, constatou que os restos mortais encontrados s\u00e3o de Jo\u00e3o [&hellip;]<\/p>\n","protected":false},"author":7,"featured_media":19003,"comment_status":"open","ping_status":"open","sticky":false,"template":"","format":"standard","meta":{"footnotes":""},"categories":[1,16],"tags":[108],"class_list":["post-18990","post","type-post","status-publish","format-standard","has-post-thumbnail","hentry","category-noticias","category-policial","tag-belmonte"],"_links":{"self":[{"href":"https:\/\/www.maisbn.com\/portal\/wp-json\/wp\/v2\/posts\/18990","targetHints":{"allow":["GET"]}}],"collection":[{"href":"https:\/\/www.maisbn.com\/portal\/wp-json\/wp\/v2\/posts"}],"about":[{"href":"https:\/\/www.maisbn.com\/portal\/wp-json\/wp\/v2\/types\/post"}],"author":[{"embeddable":true,"href":"https:\/\/www.maisbn.com\/portal\/wp-json\/wp\/v2\/users\/7"}],"replies":[{"embeddable":true,"href":"https:\/\/www.maisbn.com\/portal\/wp-json\/wp\/v2\/comments?post=18990"}],"version-history":[{"count":4,"href":"https:\/\/www.maisbn.com\/portal\/wp-json\/wp\/v2\/posts\/18990\/revisions"}],"predecessor-version":[{"id":19016,"href":"https:\/\/www.maisbn.com\/portal\/wp-json\/wp\/v2\/posts\/18990\/revisions\/19016"}],"wp:featuredmedia":[{"embeddable":true,"href":"https:\/\/www.maisbn.com\/portal\/wp-json\/wp\/v2\/media\/19003"}],"wp:attachment":[{"href":"https:\/\/www.maisbn.com\/portal\/wp-json\/wp\/v2\/media?parent=18990"}],"wp:term":[{"taxonomy":"category","embeddable":true,"href":"https:\/\/www.maisbn.com\/portal\/wp-json\/wp\/v2\/categories?post=18990"},{"taxonomy":"post_tag","embeddable":true,"href":"https:\/\/www.maisbn.com\/portal\/wp-json\/wp\/v2\/tags?post=18990"}],"curies":[{"name":"wp","href":"https:\/\/api.w.org\/{rel}","templated":true}]}}