{"id":18942,"date":"2018-07-01T11:07:41","date_gmt":"2018-07-01T14:07:41","guid":{"rendered":"http:\/\/www.maisbn.com\/portal\/?p=18942"},"modified":"2018-07-01T12:21:19","modified_gmt":"2018-07-01T15:21:19","slug":"homem-recem-saido-do-sistema-prisional-sofre-atentado-a-tiros-no-centro-de-belmonte","status":"publish","type":"post","link":"https:\/\/www.maisbn.com\/portal\/2018\/07\/homem-recem-saido-do-sistema-prisional-sofre-atentado-a-tiros-no-centro-de-belmonte\/","title":{"rendered":"Homem rec\u00e9m-saido do sistema prisional sofre atentado a tiros no centro de Belmonte."},"content":{"rendered":"<div id=\"attachment_18943\" style=\"width: 610px\" class=\"wp-caption aligncenter\"><a href=\"http:\/\/www.maisbn.com\/portal\/wp-content\/uploads\/2018\/07\/mosaico_sergio_canavieiras.jpg\"><img loading=\"lazy\" decoding=\"async\" aria-describedby=\"caption-attachment-18943\" class=\"wp-image-18943\" src=\"http:\/\/www.maisbn.com\/portal\/wp-content\/uploads\/2018\/07\/mosaico_sergio_canavieiras.jpg\" alt=\"mosaico_sergio_canavieiras\" width=\"600\" height=\"386\" \/><\/a><p id=\"caption-attachment-18943\" class=\"wp-caption-text\">Imagens obtidas pelas redes sociais<\/p><\/div>\n<p>A noite de s\u00e1bado (30\/06) foi marcada por uma ocorr\u00eancia violenta que assustou a popula\u00e7\u00e3o. Estamos falando do atentado a tiros sofrido pelo indiv\u00edduo identificado pelo nome de S\u00e9rgio Silva de Ara\u00fajo J\u00fanior (19 anos). O fato aconteceu na Avenida Rio Mar, pr\u00f3ximo \u00e0 padaria Rosa de Saron, quando elementos armados cercaram a v\u00edtima e efetuaram diversos disparos de arma de fogo que lhe atingiram o abdomem e a coxa esquerda, que acabou sendo fraturada em decorr\u00eancia do proj\u00e9til.<\/p>\n<p><a href=\"http:\/\/www.maisbn.com\/portal\/wp-content\/uploads\/2018\/07\/WhatsApp-Image-2018-07-01-at-8.15.59-AM.jpeg\"><img loading=\"lazy\" decoding=\"async\" class=\"aligncenter  wp-image-18951\" src=\"http:\/\/www.maisbn.com\/portal\/wp-content\/uploads\/2018\/07\/WhatsApp-Image-2018-07-01-at-8.15.59-AM.jpeg\" alt=\"WhatsApp Image 2018-07-01 at 8.15.59 AM\" width=\"600\" height=\"386\" \/><\/a><\/p>\n<p>Rec\u00e9m-saido do sistema prisional, a v\u00edtima \u00e9 do Bairro Birindiba em Canavieiras, onde \u00e9 mais conhecida pelo apelido de Sena. O mesmo \u00e9 acusado de participa\u00e7\u00e3o em dois homic\u00eddios e de envolvimento com o tr\u00e1fico de drogas naquela cidade. As primeiras informa\u00e7\u00f5es obtidas pela pol\u00edcia de forma an\u00f4nima constam que S\u00e9rgio estaria em Belmonte sendo empregado na guerra entre os l\u00edderes do tr\u00e1fico na cidade.<\/p>\n<p>S\u00e9rgio foi atendido imediatamente pela unidade do SAMU e levado para o Hospital Dr. Jos\u00e9 da Costa Pinto Dantas, onde recebeu os primeiros socorros e foi transferido para o Hospital Luis Eduardo Magalh\u00e3es, em Porto Seguro.<\/p>\n<p>&nbsp;<\/p>\n","protected":false},"excerpt":{"rendered":"<p>A noite de s\u00e1bado (30\/06) foi marcada por uma ocorr\u00eancia violenta que assustou a popula\u00e7\u00e3o. Estamos falando do atentado a tiros sofrido pelo indiv\u00edduo identificado pelo nome de S\u00e9rgio Silva de Ara\u00fajo J\u00fanior (19 anos). O fato aconteceu na Avenida Rio Mar, pr\u00f3ximo \u00e0 padaria Rosa de Saron, quando elementos armados cercaram a v\u00edtima e [&hellip;]<\/p>\n","protected":false},"author":7,"featured_media":18944,"comment_status":"open","ping_status":"open","sticky":false,"template":"","format":"standard","meta":{"footnotes":""},"categories":[1,16],"tags":[108],"class_list":["post-18942","post","type-post","status-publish","format-standard","has-post-thumbnail","hentry","category-noticias","category-policial","tag-belmonte"],"_links":{"self":[{"href":"https:\/\/www.maisbn.com\/portal\/wp-json\/wp\/v2\/posts\/18942","targetHints":{"allow":["GET"]}}],"collection":[{"href":"https:\/\/www.maisbn.com\/portal\/wp-json\/wp\/v2\/posts"}],"about":[{"href":"https:\/\/www.maisbn.com\/portal\/wp-json\/wp\/v2\/types\/post"}],"author":[{"embeddable":true,"href":"https:\/\/www.maisbn.com\/portal\/wp-json\/wp\/v2\/users\/7"}],"replies":[{"embeddable":true,"href":"https:\/\/www.maisbn.com\/portal\/wp-json\/wp\/v2\/comments?post=18942"}],"version-history":[{"count":8,"href":"https:\/\/www.maisbn.com\/portal\/wp-json\/wp\/v2\/posts\/18942\/revisions"}],"predecessor-version":[{"id":18955,"href":"https:\/\/www.maisbn.com\/portal\/wp-json\/wp\/v2\/posts\/18942\/revisions\/18955"}],"wp:featuredmedia":[{"embeddable":true,"href":"https:\/\/www.maisbn.com\/portal\/wp-json\/wp\/v2\/media\/18944"}],"wp:attachment":[{"href":"https:\/\/www.maisbn.com\/portal\/wp-json\/wp\/v2\/media?parent=18942"}],"wp:term":[{"taxonomy":"category","embeddable":true,"href":"https:\/\/www.maisbn.com\/portal\/wp-json\/wp\/v2\/categories?post=18942"},{"taxonomy":"post_tag","embeddable":true,"href":"https:\/\/www.maisbn.com\/portal\/wp-json\/wp\/v2\/tags?post=18942"}],"curies":[{"name":"wp","href":"https:\/\/api.w.org\/{rel}","templated":true}]}}