{"id":18887,"date":"2018-06-25T08:38:04","date_gmt":"2018-06-25T11:38:04","guid":{"rendered":"http:\/\/www.maisbn.com\/portal\/?p=18887"},"modified":"2018-06-25T08:51:43","modified_gmt":"2018-06-25T11:51:43","slug":"policia-militar-prende-adolescente-portando-arma-artesanal-na-festa-de-sao-joao-em-belmonte","status":"publish","type":"post","link":"https:\/\/www.maisbn.com\/portal\/2018\/06\/policia-militar-prende-adolescente-portando-arma-artesanal-na-festa-de-sao-joao-em-belmonte\/","title":{"rendered":"Pol\u00edcia Militar apreende adolescente portando arma artesanal na Festa de S\u00e3o Jo\u00e3o em Belmonte."},"content":{"rendered":"<p><a href=\"http:\/\/www.maisbn.com\/portal\/wp-content\/uploads\/2018\/06\/armasaojoao.png\"><img loading=\"lazy\" decoding=\"async\" class=\"aligncenter size-full wp-image-18889\" src=\"http:\/\/www.maisbn.com\/portal\/wp-content\/uploads\/2018\/06\/armasaojoao.png\" alt=\"armasaojoao\" width=\"600\" height=\"450\" \/><\/a><\/p>\n<p>Um adolescente de 17 anos foi apreendido na noite desse domingo (24\/06) portando uma arma artesanal em plena festa de S\u00e3o Jo\u00e3o em Belmonte. O fato aconteceu por volta das 22:00Hrs quando policiais militares do 8\u00baBPM-Belmonte, que estavam fazendo o patrulhamento do Arrai\u00e1 da Pra\u00e7a S\u00e3o Jo\u00e3o, perceberam a movimenta\u00e7\u00e3o suspeita do menor identificado pelas iniciais F.C.C.<\/p>\n<p>O adolescente, ao notar a aproxima\u00e7\u00e3o dos policiais ainda tentou fugir, mas foi alcan\u00e7ado nas imedia\u00e7\u00f5es da festa. Feita a busca pessoal, foi encontrado com o mesmo uma arma artesanal. Diante da situa\u00e7\u00e3o, o menor foi apreendido e posto \u00e0 disposi\u00e7\u00e3o dos devidos procedimentos legais.<\/p>\n<p>*ASCOM.8\u00baBPM-PORTO SEGURO*<\/p>\n","protected":false},"excerpt":{"rendered":"<p>Um adolescente de 17 anos foi apreendido na noite desse domingo (24\/06) portando uma arma artesanal em plena festa de S\u00e3o Jo\u00e3o em Belmonte. O fato aconteceu por volta das 22:00Hrs quando policiais militares do 8\u00baBPM-Belmonte, que estavam fazendo o patrulhamento do Arrai\u00e1 da Pra\u00e7a S\u00e3o Jo\u00e3o, perceberam a movimenta\u00e7\u00e3o suspeita do menor identificado pelas [&hellip;]<\/p>\n","protected":false},"author":7,"featured_media":18889,"comment_status":"open","ping_status":"open","sticky":false,"template":"","format":"standard","meta":{"footnotes":""},"categories":[1,16],"tags":[108],"class_list":["post-18887","post","type-post","status-publish","format-standard","has-post-thumbnail","hentry","category-noticias","category-policial","tag-belmonte"],"_links":{"self":[{"href":"https:\/\/www.maisbn.com\/portal\/wp-json\/wp\/v2\/posts\/18887","targetHints":{"allow":["GET"]}}],"collection":[{"href":"https:\/\/www.maisbn.com\/portal\/wp-json\/wp\/v2\/posts"}],"about":[{"href":"https:\/\/www.maisbn.com\/portal\/wp-json\/wp\/v2\/types\/post"}],"author":[{"embeddable":true,"href":"https:\/\/www.maisbn.com\/portal\/wp-json\/wp\/v2\/users\/7"}],"replies":[{"embeddable":true,"href":"https:\/\/www.maisbn.com\/portal\/wp-json\/wp\/v2\/comments?post=18887"}],"version-history":[{"count":5,"href":"https:\/\/www.maisbn.com\/portal\/wp-json\/wp\/v2\/posts\/18887\/revisions"}],"predecessor-version":[{"id":18893,"href":"https:\/\/www.maisbn.com\/portal\/wp-json\/wp\/v2\/posts\/18887\/revisions\/18893"}],"wp:featuredmedia":[{"embeddable":true,"href":"https:\/\/www.maisbn.com\/portal\/wp-json\/wp\/v2\/media\/18889"}],"wp:attachment":[{"href":"https:\/\/www.maisbn.com\/portal\/wp-json\/wp\/v2\/media?parent=18887"}],"wp:term":[{"taxonomy":"category","embeddable":true,"href":"https:\/\/www.maisbn.com\/portal\/wp-json\/wp\/v2\/categories?post=18887"},{"taxonomy":"post_tag","embeddable":true,"href":"https:\/\/www.maisbn.com\/portal\/wp-json\/wp\/v2\/tags?post=18887"}],"curies":[{"name":"wp","href":"https:\/\/api.w.org\/{rel}","templated":true}]}}