{"id":18770,"date":"2018-06-13T22:16:21","date_gmt":"2018-06-14T01:16:21","guid":{"rendered":"http:\/\/www.maisbn.com\/portal\/?p=18770"},"modified":"2018-06-13T22:16:21","modified_gmt":"2018-06-14T01:16:21","slug":"fundacao-educacional-pedro-calmon-promove-projeto-copa-do-mundo","status":"publish","type":"post","link":"https:\/\/www.maisbn.com\/portal\/2018\/06\/fundacao-educacional-pedro-calmon-promove-projeto-copa-do-mundo\/","title":{"rendered":"Funda\u00e7\u00e3o Educacional Pedro Calmon promove &#8220;Projeto Copa do Mundo&#8221;."},"content":{"rendered":"<p>Em ano de Copa do Mundo o esp\u00edrito esportivo toma conta de toda na\u00e7\u00e3o, todo com\u00e9rcio se caracteriza, comunidades inteiras se enfeitam com as cores do Pa\u00eds, e o esporte assim se mistura ao patriotismo, aproximando todo um povo com o mesmo objetivo, torcer pela sua na\u00e7\u00e3o.<\/p>\n<div id=\"attachment_18772\" style=\"width: 660px\" class=\"wp-caption aligncenter\"><a href=\"http:\/\/www.maisbn.com\/portal\/wp-content\/uploads\/2018\/06\/Fundacao_Copa_011.jpg\"><img loading=\"lazy\" decoding=\"async\" aria-describedby=\"caption-attachment-18772\" class=\"size-full wp-image-18772\" src=\"http:\/\/www.maisbn.com\/portal\/wp-content\/uploads\/2018\/06\/Fundacao_Copa_011.jpg\" alt=\"Projeto Copa do Mundo\" width=\"650\" height=\"412\" \/><\/a><p id=\"caption-attachment-18772\" class=\"wp-caption-text\">Projeto Copa do Mundo<\/p><\/div>\n<p>Pensando nisso, o corpo docente da Funda\u00e7\u00e3o Educacional Pedro Calmon, realizou no \u00faltimo s\u00e1bado (09\/06) a abertura do &#8220;Projeto Copa do Mundo&#8221; que visa despertar nos alunos o interesse pelo futebol, al\u00e9m do sentimento de patriotismo que \u00e9 o amor e respeito pela P\u00e1tria.<\/p>\n<p>Por isso o evento teve in\u00edcio com a execu\u00e7\u00e3o do Hino Nacional Brasileiro, apresenta\u00e7\u00e3o das bandeiras de todos os pa\u00edses que ir\u00e3o participar da Copa do Mundo da Fifa 2018 na R\u00fassia, al\u00e9m de apresenta\u00e7\u00f5es diversas, dentre elas coreografias embaladas por ritmos da Copa.<\/p>\n<p>A diretora da escola, professora Ionete Martins, juntamente com os professores de educa\u00e7\u00e3o f\u00edsica William e Graziele, agradecem a todos os professores, alunos e demais funcion\u00e1rios da escola que participaram e se empenharam para realiza\u00e7\u00e3o desse projeto.<\/p>\n","protected":false},"excerpt":{"rendered":"<p>Em ano de Copa do Mundo o esp\u00edrito esportivo toma conta de toda na\u00e7\u00e3o, todo com\u00e9rcio se caracteriza, comunidades inteiras se enfeitam com as cores do Pa\u00eds, e o esporte assim se mistura ao patriotismo, aproximando todo um povo com o mesmo objetivo, torcer pela sua na\u00e7\u00e3o. Pensando nisso, o corpo docente da Funda\u00e7\u00e3o Educacional [&hellip;]<\/p>\n","protected":false},"author":1,"featured_media":18772,"comment_status":"open","ping_status":"open","sticky":false,"template":"","format":"standard","meta":{"footnotes":""},"categories":[8,1],"tags":[],"class_list":["post-18770","post","type-post","status-publish","format-standard","has-post-thumbnail","hentry","category-educacao","category-noticias"],"_links":{"self":[{"href":"https:\/\/www.maisbn.com\/portal\/wp-json\/wp\/v2\/posts\/18770","targetHints":{"allow":["GET"]}}],"collection":[{"href":"https:\/\/www.maisbn.com\/portal\/wp-json\/wp\/v2\/posts"}],"about":[{"href":"https:\/\/www.maisbn.com\/portal\/wp-json\/wp\/v2\/types\/post"}],"author":[{"embeddable":true,"href":"https:\/\/www.maisbn.com\/portal\/wp-json\/wp\/v2\/users\/1"}],"replies":[{"embeddable":true,"href":"https:\/\/www.maisbn.com\/portal\/wp-json\/wp\/v2\/comments?post=18770"}],"version-history":[{"count":2,"href":"https:\/\/www.maisbn.com\/portal\/wp-json\/wp\/v2\/posts\/18770\/revisions"}],"predecessor-version":[{"id":18773,"href":"https:\/\/www.maisbn.com\/portal\/wp-json\/wp\/v2\/posts\/18770\/revisions\/18773"}],"wp:featuredmedia":[{"embeddable":true,"href":"https:\/\/www.maisbn.com\/portal\/wp-json\/wp\/v2\/media\/18772"}],"wp:attachment":[{"href":"https:\/\/www.maisbn.com\/portal\/wp-json\/wp\/v2\/media?parent=18770"}],"wp:term":[{"taxonomy":"category","embeddable":true,"href":"https:\/\/www.maisbn.com\/portal\/wp-json\/wp\/v2\/categories?post=18770"},{"taxonomy":"post_tag","embeddable":true,"href":"https:\/\/www.maisbn.com\/portal\/wp-json\/wp\/v2\/tags?post=18770"}],"curies":[{"name":"wp","href":"https:\/\/api.w.org\/{rel}","templated":true}]}}