{"id":18702,"date":"2018-06-11T23:50:55","date_gmt":"2018-06-12T02:50:55","guid":{"rendered":"http:\/\/www.maisbn.com\/portal\/?p=18702"},"modified":"2018-06-11T23:59:18","modified_gmt":"2018-06-12T02:59:18","slug":"prefeitura-de-belmonte-fecha-acordos-bilaterais-de-cooperacao-com-a-vila-de-belmonte-em-portugal","status":"publish","type":"post","link":"https:\/\/www.maisbn.com\/portal\/2018\/06\/prefeitura-de-belmonte-fecha-acordos-bilaterais-de-cooperacao-com-a-vila-de-belmonte-em-portugal\/","title":{"rendered":"Prefeitura de Belmonte fecha acordos bilaterais de coopera\u00e7\u00e3o com a Vila de Belmonte em Portugal."},"content":{"rendered":"<div id=\"attachment_18703\" style=\"width: 610px\" class=\"wp-caption aligncenter\"><a href=\"http:\/\/www.maisbn.com\/portal\/wp-content\/uploads\/2018\/06\/WhatsApp-Image-2018-06-11-at-10.53.34-AM.jpeg\"><img loading=\"lazy\" decoding=\"async\" aria-describedby=\"caption-attachment-18703\" class=\"wp-image-18703\" src=\"http:\/\/www.maisbn.com\/portal\/wp-content\/uploads\/2018\/06\/WhatsApp-Image-2018-06-11-at-10.53.34-AM-1000x750.jpeg\" alt=\"WhatsApp Image 2018-06-11 at 10.53.34 AM\" width=\"600\" height=\"450\" srcset=\"https:\/\/www.maisbn.com\/portal\/wp-content\/uploads\/2018\/06\/WhatsApp-Image-2018-06-11-at-10.53.34-AM-1000x750.jpeg 1000w, https:\/\/www.maisbn.com\/portal\/wp-content\/uploads\/2018\/06\/WhatsApp-Image-2018-06-11-at-10.53.34-AM.jpeg 1280w\" sizes=\"auto, (max-width: 600px) 100vw, 600px\" \/><\/a><p id=\"caption-attachment-18703\" class=\"wp-caption-text\">Secret\u00e1rio de Turismo e Cultura Herculano Assis recebendo a visita do Embaixador Portugu\u00eas La\u00e9rcio Silva.<\/p><\/div>\n<p>A Prefeitura Municipal de Belmonte, atrav\u00e9s do seu Secret\u00e1rio de Turismo e Cultura, Herculano Assis, informou na manh\u00e3 dessa segunda-feira (11\/06) que est\u00e1 sendo revitalizada a gemina\u00e7\u00e3o entre a cidade e a Vila de Belmonte em Portugal, onde nasceu o navegador portugu\u00eas Pedro Alvares Cabral. A revitaliza\u00e7\u00e3o prop\u00f5e projetos bilaterais que celebram acordos que contemplar\u00e3o as \u00e1reas de desenvolvimento cultural e art\u00edstico priorizando a manuten\u00e7\u00e3o do elo hist\u00f3rico que une a na\u00e7\u00e3o portuguesa e os povos da Costa do Descobrimento.<\/p>\n<p>Nossa equipe conversou com o Secret\u00e1rio Herculano Assis que se mostrou muito animado com a proposta e recebeu em Belmonte o Sr. La\u00e9cio Silva, embaixador portugu\u00eas. Herculano revelou que esse acordo \u00e9 muito importante para o momento em que Belmonte planeja a realiza\u00e7\u00e3o de museus e memoriais. &#8220;<strong><em>Estamos buscando com essas estruturas tornar a nossa cidade um p\u00f3lo do turismo cultural e hist\u00f3rico totalmente sustent\u00e1vel. Nossa cidade tamb\u00e9m se tornar\u00e1 uma refer\u00eancia para pesquisadores acad\u00eamicos e Portugal se insere como um importante fator para essa amplia\u00e7\u00e3o hist\u00f3rica.&#8221;<\/em><\/strong> &#8211; Finalizou o Secret\u00e1rio.<\/p>\n<p>Em contato por telefone, o Prefeito Janival Borges se mostrou muito satisfeito com o acordo de coopera\u00e7\u00e3o. O gestor revelou que as a\u00e7\u00f5es a serem realizadas ir\u00e3o buscar preparar Belmonte para a inser\u00e7\u00e3o no circuito tur\u00edstico da Costa do Descobrimento. <strong><em>&#8220;O que estamos buscando \u00e9 trazer para a nossa cidade turistas interessados nas riquezas culturais e hist\u00f3ricas existentes em nossa amada terra. Essa coopera\u00e7\u00e3o \u00e9 fundamental e se torna um dos alicerces do nosso plano de a\u00e7\u00e3o que tem como objetivo tornar Belmonte um irresist\u00edvel atrativo para os turistas de alto poder aquisitivo que visitam a Costa do Descobrimento em busca de destinos diferenciados e de ac\u00famulo de conhecimentos.&#8221;<\/em> <\/strong>&#8211; Finalizou Janival.<\/p>\n<p>&nbsp;<\/p>\n","protected":false},"excerpt":{"rendered":"<p>A Prefeitura Municipal de Belmonte, atrav\u00e9s do seu Secret\u00e1rio de Turismo e Cultura, Herculano Assis, informou na manh\u00e3 dessa segunda-feira (11\/06) que est\u00e1 sendo revitalizada a gemina\u00e7\u00e3o entre a cidade e a Vila de Belmonte em Portugal, onde nasceu o navegador portugu\u00eas Pedro Alvares Cabral. A revitaliza\u00e7\u00e3o prop\u00f5e projetos bilaterais que celebram acordos que contemplar\u00e3o [&hellip;]<\/p>\n","protected":false},"author":7,"featured_media":18703,"comment_status":"open","ping_status":"open","sticky":false,"template":"","format":"standard","meta":{"footnotes":""},"categories":[45,1],"tags":[],"class_list":["post-18702","post","type-post","status-publish","format-standard","has-post-thumbnail","hentry","category-cidades","category-noticias"],"_links":{"self":[{"href":"https:\/\/www.maisbn.com\/portal\/wp-json\/wp\/v2\/posts\/18702","targetHints":{"allow":["GET"]}}],"collection":[{"href":"https:\/\/www.maisbn.com\/portal\/wp-json\/wp\/v2\/posts"}],"about":[{"href":"https:\/\/www.maisbn.com\/portal\/wp-json\/wp\/v2\/types\/post"}],"author":[{"embeddable":true,"href":"https:\/\/www.maisbn.com\/portal\/wp-json\/wp\/v2\/users\/7"}],"replies":[{"embeddable":true,"href":"https:\/\/www.maisbn.com\/portal\/wp-json\/wp\/v2\/comments?post=18702"}],"version-history":[{"count":3,"href":"https:\/\/www.maisbn.com\/portal\/wp-json\/wp\/v2\/posts\/18702\/revisions"}],"predecessor-version":[{"id":18725,"href":"https:\/\/www.maisbn.com\/portal\/wp-json\/wp\/v2\/posts\/18702\/revisions\/18725"}],"wp:featuredmedia":[{"embeddable":true,"href":"https:\/\/www.maisbn.com\/portal\/wp-json\/wp\/v2\/media\/18703"}],"wp:attachment":[{"href":"https:\/\/www.maisbn.com\/portal\/wp-json\/wp\/v2\/media?parent=18702"}],"wp:term":[{"taxonomy":"category","embeddable":true,"href":"https:\/\/www.maisbn.com\/portal\/wp-json\/wp\/v2\/categories?post=18702"},{"taxonomy":"post_tag","embeddable":true,"href":"https:\/\/www.maisbn.com\/portal\/wp-json\/wp\/v2\/tags?post=18702"}],"curies":[{"name":"wp","href":"https:\/\/api.w.org\/{rel}","templated":true}]}}