{"id":18679,"date":"2018-06-07T12:44:30","date_gmt":"2018-06-07T15:44:30","guid":{"rendered":"http:\/\/www.maisbn.com\/portal\/?p=18679"},"modified":"2018-06-07T12:44:30","modified_gmt":"2018-06-07T15:44:30","slug":"prefeito-janival-borges-convoca-reuniao-e-decide-que-investimentos-nas-festa-juninas-serao-reduzidos","status":"publish","type":"post","link":"https:\/\/www.maisbn.com\/portal\/2018\/06\/prefeito-janival-borges-convoca-reuniao-e-decide-que-investimentos-nas-festa-juninas-serao-reduzidos\/","title":{"rendered":"Prefeito Janival Borges convoca reuni\u00e3o e decide que investimentos nas festa juninas ser\u00e3o reduzidos."},"content":{"rendered":"<p>O Prefeito Janival Borges realizou uma reuni\u00e3o com os vereadores, secret\u00e1rios, administradores e lideran\u00e7as pol\u00edticas para expor o diagn\u00f3stico econ\u00f4mico do atual trimestre e discutir toda a crise financeira enfrentada pelo pa\u00eds que est\u00e1 refletindo nos munic\u00edpios e reduzindo em 30% as suas arrecada\u00e7\u00f5es devida \u00e0 greve dos caminhoneiros e aos acordos feitos pelo Governo Federal para acabar com o movimento. A redu\u00e7\u00e3o nos impostos sobre o diesel criou um rombo nas finan\u00e7as federais que acabou repercutindo nos repasses aos munic\u00edpios para as \u00e1reas da sa\u00fade, educa\u00e7\u00e3o, seguran\u00e7a p\u00fablica, entre outros v\u00e1rios servi\u00e7os essenciais \u00e0 popula\u00e7\u00e3o. <strong><em>&#8220;N\u00f3s temos uma queda de 30% no Fundo de Participa\u00e7\u00e3o dos Munic\u00edpio. Tamb\u00e9m temos a sinaliza\u00e7\u00e3o de redu\u00e7\u00e3o nos repasses da sa\u00fade, educa\u00e7\u00e3o, a\u00e7\u00e3o social, seguran\u00e7a p\u00fablica e em praticamente todas as \u00e1reas de atua\u00e7\u00e3o no governo. Temos tempos muito dif\u00edceis pela frente.&#8221;<\/em> <\/strong>&#8211; Pontuou o prefeito.<\/p>\n<p>&nbsp;<\/p>\n<p><a href=\"http:\/\/www.maisbn.com\/portal\/wp-content\/uploads\/2018\/06\/WhatsApp-Image-2018-06-04-at-10.19.13-PM-2.jpeg\"><img loading=\"lazy\" decoding=\"async\" class=\"aligncenter  wp-image-18681\" src=\"http:\/\/www.maisbn.com\/portal\/wp-content\/uploads\/2018\/06\/WhatsApp-Image-2018-06-04-at-10.19.13-PM-2.jpeg\" alt=\"WhatsApp Image 2018-06-04 at 10.19.13 PM (2)\" width=\"600\" height=\"450\" \/><\/a><\/p>\n<p>Concluindo a exposi\u00e7\u00e3o dos dados cont\u00e1beis, o Prefeito Janival Borges colocou que a melhor decis\u00e3o \u00e9 priorizar recursos para os servi\u00e7os essenciais como a garantia do pagamento do pessoal em dia, investimentos em educa\u00e7\u00e3o, limpeza e manuten\u00e7\u00e3o dos bens p\u00fablicos, especialmente garantir os investimentos da sa\u00fade. Diante disso, e com a concord\u00e2ncia de todos os presentes, ficou decidido que Belmonte, a exemplo de v\u00e1rios outros munic\u00edpios, ir\u00e1 reduzir expressivamente os investimentos p\u00fablicos nas realiza\u00e7\u00f5es dos festejos juninos na cidade, disponibilizando recursos, com muito sacrif\u00edcio, apenas aos objetos tradicionais que contem com a ampla participa\u00e7\u00e3o da comunidade. O Prefeito ainda salientou que reconhece a import\u00e2ncia da festa porque movimenta a economia, gera empregos diretos e indiretos e aumenta o fluxo tur\u00edstico. <strong><em>&#8220;Eu sei que essas festas s\u00e3o extremamente importantes, mas o cen\u00e1rio financeiro n\u00e3o nos deixam outra alternativa, mesmo com os conv\u00eanios estabelecidos com o Governo do Estado conseguidos gra\u00e7as ao empenho do Deputado J\u00e2nio Natal. Esses poucos recursos ser\u00e3o usados nas manifesta\u00e7\u00f5es culturais da nossa comunidade. Ou fazemos esse esfor\u00e7o ou n\u00e3o teremos condi\u00e7\u00f5es de garantir o funcionamentos dos servi\u00e7os essenciais.&#8221;<\/em><\/strong> &#8211; Colocou o gestor.<\/p>\n<p><a href=\"http:\/\/www.maisbn.com\/portal\/wp-content\/uploads\/2018\/06\/mosaico_reducaosaojoao.jpg\"><img loading=\"lazy\" decoding=\"async\" class=\"aligncenter  wp-image-18682\" src=\"http:\/\/www.maisbn.com\/portal\/wp-content\/uploads\/2018\/06\/mosaico_reducaosaojoao.jpg\" alt=\"mosaico_reducaosaojoao\" width=\"600\" height=\"386\" \/><\/a><\/p>\n<p>O Prefeito Janival Borges finalizou dizendo que conta com a colabora\u00e7\u00e3o de todos e que acredita que no pr\u00f3ximo ano as coisas melhorem e o munic\u00edpio consiga condi\u00e7\u00f5es para investir no brilho, na beleza e na anima\u00e7\u00e3o que toda a popula\u00e7\u00e3o belmontense merece.<\/p>\n","protected":false},"excerpt":{"rendered":"<p>O Prefeito Janival Borges realizou uma reuni\u00e3o com os vereadores, secret\u00e1rios, administradores e lideran\u00e7as pol\u00edticas para expor o diagn\u00f3stico econ\u00f4mico do atual trimestre e discutir toda a crise financeira enfrentada pelo pa\u00eds que est\u00e1 refletindo nos munic\u00edpios e reduzindo em 30% as suas arrecada\u00e7\u00f5es devida \u00e0 greve dos caminhoneiros e aos acordos feitos pelo Governo [&hellip;]<\/p>\n","protected":false},"author":7,"featured_media":18681,"comment_status":"open","ping_status":"open","sticky":false,"template":"","format":"standard","meta":{"footnotes":""},"categories":[45,1],"tags":[],"class_list":["post-18679","post","type-post","status-publish","format-standard","has-post-thumbnail","hentry","category-cidades","category-noticias"],"_links":{"self":[{"href":"https:\/\/www.maisbn.com\/portal\/wp-json\/wp\/v2\/posts\/18679","targetHints":{"allow":["GET"]}}],"collection":[{"href":"https:\/\/www.maisbn.com\/portal\/wp-json\/wp\/v2\/posts"}],"about":[{"href":"https:\/\/www.maisbn.com\/portal\/wp-json\/wp\/v2\/types\/post"}],"author":[{"embeddable":true,"href":"https:\/\/www.maisbn.com\/portal\/wp-json\/wp\/v2\/users\/7"}],"replies":[{"embeddable":true,"href":"https:\/\/www.maisbn.com\/portal\/wp-json\/wp\/v2\/comments?post=18679"}],"version-history":[{"count":1,"href":"https:\/\/www.maisbn.com\/portal\/wp-json\/wp\/v2\/posts\/18679\/revisions"}],"predecessor-version":[{"id":18683,"href":"https:\/\/www.maisbn.com\/portal\/wp-json\/wp\/v2\/posts\/18679\/revisions\/18683"}],"wp:featuredmedia":[{"embeddable":true,"href":"https:\/\/www.maisbn.com\/portal\/wp-json\/wp\/v2\/media\/18681"}],"wp:attachment":[{"href":"https:\/\/www.maisbn.com\/portal\/wp-json\/wp\/v2\/media?parent=18679"}],"wp:term":[{"taxonomy":"category","embeddable":true,"href":"https:\/\/www.maisbn.com\/portal\/wp-json\/wp\/v2\/categories?post=18679"},{"taxonomy":"post_tag","embeddable":true,"href":"https:\/\/www.maisbn.com\/portal\/wp-json\/wp\/v2\/tags?post=18679"}],"curies":[{"name":"wp","href":"https:\/\/api.w.org\/{rel}","templated":true}]}}