{"id":18661,"date":"2018-06-06T16:48:09","date_gmt":"2018-06-06T19:48:09","guid":{"rendered":"http:\/\/www.maisbn.com\/portal\/?p=18661"},"modified":"2018-06-06T16:48:09","modified_gmt":"2018-06-06T19:48:09","slug":"curso-de-assistente-administrativo-oferece-qualificacao-e-oportunidades-para-jovens-de-belmonte","status":"publish","type":"post","link":"https:\/\/www.maisbn.com\/portal\/2018\/06\/curso-de-assistente-administrativo-oferece-qualificacao-e-oportunidades-para-jovens-de-belmonte\/","title":{"rendered":"Curso de Assistente Administrativo oferece qualifica\u00e7\u00e3o e oportunidades para jovens de Belmonte."},"content":{"rendered":"<p style=\"font-weight: 400;\">A capacita\u00e7\u00e3o profissional de jovens e adultos \u00e9 uma importante ferramenta para promover a transforma\u00e7\u00e3o social. Acreditando nisso, a Veracel Celulose, em parceria com o Servi\u00e7o Nacional de Aprendizagem Comercial (Senac), est\u00e1 realizando mais uma edi\u00e7\u00e3o do curso de Assistente Administrativo. Dessa vez, as aulas est\u00e3o acontecendo em Belmonte, em atendimento a uma demanda identificada pela ju\u00edza Andr\u00e9ia Gomes, da Vara da Inf\u00e2ncia e Juventude da Comarca de Belmonte. A aula inaugural aconteceu no dia 28\/05. <strong><em>\u201cA Veracel possui um importante papel social na regi\u00e3o ao criar oportunidades de capacita\u00e7\u00e3o como esta para os jovens do munic\u00edpio\u201d<\/em><\/strong>, destacou a ju\u00edza. Para realiza\u00e7\u00e3o do curso, a prefeitura do munic\u00edpio disponibilizou um espa\u00e7o, onde foi estruturada uma sala de inform\u00e1tica que ser\u00e1 utilizada como apoio pedag\u00f3gico para a escola ap\u00f3s a conclus\u00e3o do curso.<\/p>\n<p style=\"font-weight: 400;\"><a href=\"http:\/\/www.maisbn.com\/portal\/wp-content\/uploads\/2018\/06\/Imagem-3.jpg\"><img loading=\"lazy\" decoding=\"async\" class=\"aligncenter  wp-image-18662\" src=\"http:\/\/www.maisbn.com\/portal\/wp-content\/uploads\/2018\/06\/Imagem-3-1000x665.jpg\" alt=\"Imagem 3\" width=\"600\" height=\"399\" srcset=\"https:\/\/www.maisbn.com\/portal\/wp-content\/uploads\/2018\/06\/Imagem-3-1000x665.jpg 1000w, https:\/\/www.maisbn.com\/portal\/wp-content\/uploads\/2018\/06\/Imagem-3.jpg 1280w\" sizes=\"auto, (max-width: 600px) 100vw, 600px\" \/><\/a><\/p>\n<p style=\"font-weight: 400;\">O Banco de Oportunidades do Senac \u00e9 uma das novidades desta edi\u00e7\u00e3o. De acordo com a supervisora pedag\u00f3gica da institui\u00e7\u00e3o, Lucicl\u00e9ia da Silva Santos, durante o curso ser\u00e1 executado um mapeamento das empresas do munic\u00edpio que poder\u00e3o absorver os jovens em postos de trabalho no futuro. O Banco \u00e9 um servi\u00e7o gratuito de encaminhamento para o mercado de trabalho oferecido pelo Senac. \u201c<em><strong>Este \u00e9 um refor\u00e7o a mais de novas perspectivas para a vida desses jovens\u201d<\/strong><\/em>, acrescentou Lucicl\u00e9ia.<\/p>\n<p style=\"font-weight: 400;\">Trinta alunos est\u00e3o participando desta turma. \u201c<strong><em>Este \u00e9 meu primeiro curso de capacita\u00e7\u00e3o profissional. Espero que me d\u00ea possibilidade de entrar no mercado de trabalho e abra novas portas para que possa ajudar minha fam\u00edlia e pagar uma faculdade\u201d<\/em><\/strong>, disse a jovem L\u00edlian Santana e Silva, 16 anos.\u00a0 O curso \u00e9 formado por aulas de no\u00e7\u00f5es de inform\u00e1tica, rotina administrativa, reda\u00e7\u00e3o comercial, funcionamento de uma empresa e elabora\u00e7\u00e3o de um Projeto Integrador.<\/p>\n<p style=\"font-weight: 400;\">\u00a0<strong>Capacita\u00e7\u00e3o e oportunidades<\/strong><\/p>\n<p style=\"font-weight: 400;\">A primeira edi\u00e7\u00e3o do curso de Assistente Administrativo aconteceu em Eun\u00e1polis com a forma\u00e7\u00e3o de 30 jovens, incluindo nove pessoas com defici\u00eancia (PCD). Barrol\u00e2ndia, distrito do munic\u00edpio de Belmonte, sediou a segunda edi\u00e7\u00e3o desta capacita\u00e7\u00e3o, conclu\u00edda com 100% de aproveitamento. <strong><em>\u201cSabemos que \u00e9 preciso ter capacita\u00e7\u00e3o para ingressar no mercado de trabalho. Por isso, buscamos parceria com o Senac, uma institui\u00e7\u00e3o altamente qualificada, para oferecer um diferencial a esses jovens\u201d<\/em><\/strong>, destacou Pedro Cardoso, consultor de Rela\u00e7\u00f5es com Comunidades da Veracel.<\/p>\n<p style=\"font-weight: 400;\"><a href=\"http:\/\/www.maisbn.com\/portal\/wp-content\/uploads\/2018\/06\/Imagem-2.jpg\"><img loading=\"lazy\" decoding=\"async\" class=\"aligncenter  wp-image-18663\" src=\"http:\/\/www.maisbn.com\/portal\/wp-content\/uploads\/2018\/06\/Imagem-2-1000x665.jpg\" alt=\"Imagem 2\" width=\"601\" height=\"400\" srcset=\"https:\/\/www.maisbn.com\/portal\/wp-content\/uploads\/2018\/06\/Imagem-2-1000x665.jpg 1000w, https:\/\/www.maisbn.com\/portal\/wp-content\/uploads\/2018\/06\/Imagem-2.jpg 1280w\" sizes=\"auto, (max-width: 601px) 100vw, 601px\" \/><\/a><\/p>\n<p style=\"font-weight: 400;\">Al\u00e9m destes cursos, a Veracel, o SENAC e a prefeitura de Itapebi iniciaram um di\u00e1logo para defini\u00e7\u00e3o de um curso espec\u00edfico para o munic\u00edpio como uma oportunidade de aperfei\u00e7oamento profissional e gera\u00e7\u00e3o de renda na comunidade. O curso est\u00e1 previsto para o m\u00eas de julho.<\/p>\n","protected":false},"excerpt":{"rendered":"<p>A capacita\u00e7\u00e3o profissional de jovens e adultos \u00e9 uma importante ferramenta para promover a transforma\u00e7\u00e3o social. Acreditando nisso, a Veracel Celulose, em parceria com o Servi\u00e7o Nacional de Aprendizagem Comercial (Senac), est\u00e1 realizando mais uma edi\u00e7\u00e3o do curso de Assistente Administrativo. Dessa vez, as aulas est\u00e3o acontecendo em Belmonte, em atendimento a uma demanda identificada [&hellip;]<\/p>\n","protected":false},"author":7,"featured_media":18662,"comment_status":"open","ping_status":"open","sticky":false,"template":"","format":"standard","meta":{"footnotes":""},"categories":[9,1],"tags":[],"class_list":["post-18661","post","type-post","status-publish","format-standard","has-post-thumbnail","hentry","category-concursos-oportunidades","category-noticias"],"_links":{"self":[{"href":"https:\/\/www.maisbn.com\/portal\/wp-json\/wp\/v2\/posts\/18661","targetHints":{"allow":["GET"]}}],"collection":[{"href":"https:\/\/www.maisbn.com\/portal\/wp-json\/wp\/v2\/posts"}],"about":[{"href":"https:\/\/www.maisbn.com\/portal\/wp-json\/wp\/v2\/types\/post"}],"author":[{"embeddable":true,"href":"https:\/\/www.maisbn.com\/portal\/wp-json\/wp\/v2\/users\/7"}],"replies":[{"embeddable":true,"href":"https:\/\/www.maisbn.com\/portal\/wp-json\/wp\/v2\/comments?post=18661"}],"version-history":[{"count":1,"href":"https:\/\/www.maisbn.com\/portal\/wp-json\/wp\/v2\/posts\/18661\/revisions"}],"predecessor-version":[{"id":18664,"href":"https:\/\/www.maisbn.com\/portal\/wp-json\/wp\/v2\/posts\/18661\/revisions\/18664"}],"wp:featuredmedia":[{"embeddable":true,"href":"https:\/\/www.maisbn.com\/portal\/wp-json\/wp\/v2\/media\/18662"}],"wp:attachment":[{"href":"https:\/\/www.maisbn.com\/portal\/wp-json\/wp\/v2\/media?parent=18661"}],"wp:term":[{"taxonomy":"category","embeddable":true,"href":"https:\/\/www.maisbn.com\/portal\/wp-json\/wp\/v2\/categories?post=18661"},{"taxonomy":"post_tag","embeddable":true,"href":"https:\/\/www.maisbn.com\/portal\/wp-json\/wp\/v2\/tags?post=18661"}],"curies":[{"name":"wp","href":"https:\/\/api.w.org\/{rel}","templated":true}]}}