{"id":18604,"date":"2018-05-30T08:33:30","date_gmt":"2018-05-30T11:33:30","guid":{"rendered":"http:\/\/www.maisbn.com\/portal\/?p=18604"},"modified":"2018-05-30T08:33:30","modified_gmt":"2018-05-30T11:33:30","slug":"prefeitos-de-cabralia-e-porto-seguro-cancelam-festejos-juninos","status":"publish","type":"post","link":"https:\/\/www.maisbn.com\/portal\/2018\/05\/prefeitos-de-cabralia-e-porto-seguro-cancelam-festejos-juninos\/","title":{"rendered":"Prefeitos de Cabr\u00e1lia e Porto Seguro cancelam festejos juninos."},"content":{"rendered":"<p>A Prefeitura de Porto Seguro informou por meio de nota oficial\u00a0 divulgada nessa ter\u00e7a-feira (29\/05) que cancelou os festejos do S\u00e3o Jo\u00e3o El\u00e9trico, que acontece todos os anos na cidade. A Prefeita Claudia Oliveira informou que prefere priorizar a resolu\u00e7\u00e3o das p\u00e9ssimas condi\u00e7\u00f5es das ruas e estradas de Porto Seguro e que os recursos ser\u00e3o usados para solucionar os diversos problemas de infraestrutura do munic\u00edpio.<\/p>\n<p><a href=\"http:\/\/www.maisbn.com\/portal\/wp-content\/uploads\/2016\/04\/sao_joao_eletrico_2016-1440184991-810-e.jpeg\"><img loading=\"lazy\" decoding=\"async\" class=\"aligncenter size-full wp-image-10840\" src=\"http:\/\/www.maisbn.com\/portal\/wp-content\/uploads\/2016\/04\/sao_joao_eletrico_2016-1440184991-810-e.jpeg\" alt=\"sao_joao_eletrico_2016-1440184991-810-e\" width=\"550\" height=\"321\" \/><\/a><\/p>\n<p>No entanto, empres\u00e1rios do setor hoteleiro reclamaram do cancelamento e colocaram que o cancelamento da festa vai acarretar preju\u00edzos ao com\u00e9rcio local, aos hoteleiros e vendedores ambulantes. Alguns empres\u00e1rios ainda colocaram que pacotes j\u00e1 haviam sido vendidos por alguns hot\u00e9is e pousadas para turistas que j\u00e1 tinham o costume de curtir a festa.\u00a0<em><strong>\u201cVamos fazer como quando os turistas come\u00e7arem a ligar cancelando pacotes ou at\u00e9 mesmo amea\u00e7ando de ajuizar uma a\u00e7\u00e3o na justi\u00e7a? N\u00e3o se cancela um evento a menos de um m\u00eas. Quem vai pagar a conta?\u201d<\/strong><\/em>, Comentou um empres\u00e1rio ao site Nam\u00eddia News, que estava fazendo uma mat\u00e9ria sobre o cancelamento.<\/p>\n<p><a href=\"http:\/\/www.maisbn.com\/portal\/wp-content\/uploads\/2018\/05\/cabraliacancelado.jpg\"><img loading=\"lazy\" decoding=\"async\" class=\"aligncenter  wp-image-18605\" src=\"http:\/\/www.maisbn.com\/portal\/wp-content\/uploads\/2018\/05\/cabraliacancelado.jpg\" alt=\"cabraliacancelado\" width=\"600\" height=\"426\" \/><\/a><\/p>\n<p>O munic\u00edpio de Santa Cruz Cabr\u00e1lia tamb\u00e9m cancelou a sua grade oficial de festejos juninos que constava grandes atra\u00e7\u00f5es como o cantor Eduardo Costa, Estakazero, Caviar com Rapadura, dentre outros. O gestor Agnelo Santos atribuiu a sua decis\u00e3o aos preju\u00edzos causados pelas fortes chuvas e aos reflexos das greves dos caminhoneiros e petroleiros.\u00a0 <em><b>&#8220;O meu maior compromisso \u00e9, e sempre ser\u00e1, com\u00a0 a qualidade de vida da popula\u00e7\u00e3o de Santa Cruz Cabr\u00e1lia. Nesse momento de risco causado pelas chuvas, de tantas necessidades e em face ao dif\u00edcil\u00a0cen\u00e1rio nacional, eu n\u00e3o poderia tomar outra decis\u00e3o que n\u00e3o fosse essa. Cancelar um evento\u00a0que aquece a economia e gera incremento ao turismo, n\u00e3o \u00e9 f\u00e1cil, mas nada est\u00e1 ou estar\u00e1 acima da razoabilidade e responsabilidade que \u00e9 o meu compromisso com a nossa cidade&#8221;<\/b><\/em>, disse o prefeito Agnelo Santos.<\/p>\n<p><a href=\"http:\/\/www.maisbn.com\/portal\/wp-content\/uploads\/2018\/04\/agnelo-reempossado.jpg\"><img loading=\"lazy\" decoding=\"async\" class=\"aligncenter  wp-image-18178\" src=\"http:\/\/www.maisbn.com\/portal\/wp-content\/uploads\/2018\/04\/agnelo-reempossado.jpg\" alt=\"agnelo-reempossado\" width=\"602\" height=\"319\" \/><\/a><\/p>\n<div dir=\"auto\">\u00a0O gestor ainda informou que j\u00e1 deu ordens \u00e0 Secretaria de Turismo, Cultura, Esporte e Lazer para que os festejos nos distritos sejam preservados, atendendo ao desejo de cada localidade e principalmente fortalecendo as manifesta\u00e7\u00f5es culturais, como a festa dos pescadores, em homenagem a S\u00e3o Pedro, padroeiro dos mesmos. <strong><em>&#8220;O governo precisa ser respons\u00e1vel com o povo de Cabr\u00e1lia. N\u00e3o posso deixar nossa cidade entrar em colapso, agora preciso cuidar da nossa gente. Garanto que sediaremos outros eventos ao longo do ano\u00a0 e realizaremos outros em momentos mais oportunos&#8221;<\/em><\/strong>, finalizou Agnelo.<\/div>\n<p>&nbsp;<\/p>\n","protected":false},"excerpt":{"rendered":"<p>A Prefeitura de Porto Seguro informou por meio de nota oficial\u00a0 divulgada nessa ter\u00e7a-feira (29\/05) que cancelou os festejos do S\u00e3o Jo\u00e3o El\u00e9trico, que acontece todos os anos na cidade. A Prefeita Claudia Oliveira informou que prefere priorizar a resolu\u00e7\u00e3o das p\u00e9ssimas condi\u00e7\u00f5es das ruas e estradas de Porto Seguro e que os recursos ser\u00e3o [&hellip;]<\/p>\n","protected":false},"author":7,"featured_media":18606,"comment_status":"open","ping_status":"open","sticky":false,"template":"","format":"standard","meta":{"footnotes":""},"categories":[20,1],"tags":[],"class_list":["post-18604","post","type-post","status-publish","format-standard","has-post-thumbnail","hentry","category-bahia","category-noticias"],"_links":{"self":[{"href":"https:\/\/www.maisbn.com\/portal\/wp-json\/wp\/v2\/posts\/18604","targetHints":{"allow":["GET"]}}],"collection":[{"href":"https:\/\/www.maisbn.com\/portal\/wp-json\/wp\/v2\/posts"}],"about":[{"href":"https:\/\/www.maisbn.com\/portal\/wp-json\/wp\/v2\/types\/post"}],"author":[{"embeddable":true,"href":"https:\/\/www.maisbn.com\/portal\/wp-json\/wp\/v2\/users\/7"}],"replies":[{"embeddable":true,"href":"https:\/\/www.maisbn.com\/portal\/wp-json\/wp\/v2\/comments?post=18604"}],"version-history":[{"count":1,"href":"https:\/\/www.maisbn.com\/portal\/wp-json\/wp\/v2\/posts\/18604\/revisions"}],"predecessor-version":[{"id":18607,"href":"https:\/\/www.maisbn.com\/portal\/wp-json\/wp\/v2\/posts\/18604\/revisions\/18607"}],"wp:featuredmedia":[{"embeddable":true,"href":"https:\/\/www.maisbn.com\/portal\/wp-json\/wp\/v2\/media\/18606"}],"wp:attachment":[{"href":"https:\/\/www.maisbn.com\/portal\/wp-json\/wp\/v2\/media?parent=18604"}],"wp:term":[{"taxonomy":"category","embeddable":true,"href":"https:\/\/www.maisbn.com\/portal\/wp-json\/wp\/v2\/categories?post=18604"},{"taxonomy":"post_tag","embeddable":true,"href":"https:\/\/www.maisbn.com\/portal\/wp-json\/wp\/v2\/tags?post=18604"}],"curies":[{"name":"wp","href":"https:\/\/api.w.org\/{rel}","templated":true}]}}