{"id":18584,"date":"2018-05-29T10:09:44","date_gmt":"2018-05-29T13:09:44","guid":{"rendered":"http:\/\/www.maisbn.com\/portal\/?p=18584"},"modified":"2018-05-29T11:23:21","modified_gmt":"2018-05-29T14:23:21","slug":"poder-judiciario-de-belmonte-realiza-cerimonia-de-abertura-do-projeto-viver-legal","status":"publish","type":"post","link":"https:\/\/www.maisbn.com\/portal\/2018\/05\/poder-judiciario-de-belmonte-realiza-cerimonia-de-abertura-do-projeto-viver-legal\/","title":{"rendered":"Poder Judici\u00e1rio de Belmonte realiza cerimonia de abertura do Projeto &#8220;Viver Legal&#8221;."},"content":{"rendered":"<p>No dia 28 de Maio de 2018, \u00e1s 16:00 horas, foi realizado no f\u00f3rum Dr. Luiz Viana Filho, Comarca de Belmonte, a abertura do Projeto \u201cViver Legal\u201d, projeto que tem como autora a assistente social do f\u00f3rum Kadigia L. dos Santos Concei\u00e7\u00e3o.<\/p>\n<p><a href=\"http:\/\/www.maisbn.com\/portal\/wp-content\/uploads\/2018\/05\/WhatsApp-Image-2018-05-28-at-6.39.49-PM.jpeg\"><img loading=\"lazy\" decoding=\"async\" class=\"aligncenter size-full wp-image-18585\" src=\"http:\/\/www.maisbn.com\/portal\/wp-content\/uploads\/2018\/05\/WhatsApp-Image-2018-05-28-at-6.39.49-PM.jpeg\" alt=\"WhatsApp Image 2018-05-28 at 6.39.49 PM\" width=\"600\" height=\"338\" \/><\/a><\/p>\n<p>O projeto \u201cViver Legal\u201d foi concebido pela assistente social do f\u00f3rum de Belmonte,\u00a0 Kadigia L. dos Santos Concei\u00e7\u00e3o, com total apoio da representante do F\u00f3rum da Comarca de Belmonte, Dr\u00aa. Andrea Gomes Fernandes Beraldi (Ju\u00edza Titular) e tem como objetivo contribuir com a transforma\u00e7\u00e3o da cidadania e garantia de direitos, criando iniciativas e parcerias que resultem em oportunidades de reinser\u00e7\u00e3o para os adolescentes e jovens inseridos na Vara da Inf\u00e2ncia e Juventude da Comarca da Belmonte.<\/p>\n<p><a href=\"http:\/\/www.maisbn.com\/portal\/wp-content\/uploads\/2018\/05\/mosaico_projetoviverlegal.jpg\"><img loading=\"lazy\" decoding=\"async\" class=\"aligncenter wp-image-18586\" src=\"http:\/\/www.maisbn.com\/portal\/wp-content\/uploads\/2018\/05\/mosaico_projetoviverlegal.jpg\" alt=\"mosaico_projetoviverlegal\" width=\"601\" height=\"386\" \/><\/a><\/p>\n<p>A assistente social Kadigia, autora do projeto, encaminhou o projeto para v\u00e1rias empresas e a Veracel Celulose, nesta primeira etapa, vai patrocinar curso profissionalizante de Assistente Administrativo que ser\u00e1 ministrado pela empresa SENAC, empresa refer\u00eancia em capacita\u00e7\u00e3o profissional no Brasil.\u00a0Neste curso estar\u00e3o inseridos adolescentes e jovens da comunidade de Belmonte.<\/p>\n<p><a href=\"http:\/\/www.maisbn.com\/portal\/wp-content\/uploads\/2018\/05\/WhatsApp-Image-2018-05-29-at-10.57.58-AM-1.jpeg\"><img loading=\"lazy\" decoding=\"async\" class=\"aligncenter  wp-image-18594\" src=\"http:\/\/www.maisbn.com\/portal\/wp-content\/uploads\/2018\/05\/WhatsApp-Image-2018-05-29-at-10.57.58-AM-1.jpeg\" alt=\"WhatsApp Image 2018-05-29 at 10.57.58 AM (1)\" width=\"593\" height=\"445\" \/><\/a><\/p>\n<p>As aulas do curso ser\u00e3o realizadas no Col\u00e9gio Municipal L\u00edcia Maria Paternostro, onde a Prefeitura de Belmonte, atrav\u00e9s da Secretaria Municipal de Educa\u00e7\u00e3o, montou toda a estrutura\u00e7\u00e3o e contratou funcion\u00e1rios de apoio para auxiliar nos trabalhos. <strong><em>&#8220;Estamos muito felizes em participar dessa iniciativa que \u00e9 importante para a profissionaliza\u00e7\u00e3o dos nossos jovens que est\u00e3o em busca de uma oportunidade no mercado de trabalho.&#8221;<\/em><\/strong> &#8211; Comentou o Secret\u00e1rio de Educa\u00e7\u00e3o Paulo Carvalho, que, junto com Secret\u00e1rio de A\u00e7\u00e3o Social Claudio Soares representaram o Prefeito Janival Borges que n\u00e3o p\u00f4de comparecer ao evento.<\/p>\n<p><iframe loading=\"lazy\" src=\"https:\/\/www.youtube.com\/embed\/V1FmK508lnY\" width=\"560\" height=\"315\" frameborder=\"0\" allowfullscreen=\"allowfullscreen\"><\/iframe><\/p>\n<p>Na abertura do Projeto\u201dViver Legal\u201d, estavam presentes a assistente social Kadigia L. dos Santos Concei\u00e7\u00e3o (autora do projeto), Dr\u00aa. Andrea Gomes Fernandes Beraldi (Ju\u00edza titular da Comarca de Belmonte), Dr. Walace Carvalho (Promotor de Justi\u00e7a), Pedro e Izabel (Representantes da Veracel Celulose), Lucicleia (representante do SENAC). <strong><em>&#8220;Os adolescentes e jovens Belmontense que est\u00e3o sendo beneficiados pelo projeto est\u00e3o de parab\u00e9ns. Espero que eles abracem essa oportunidade de profissionaliza\u00e7\u00e3o.&#8221;<\/em> <\/strong>&#8211; Ressaltou Kadigia.<\/p>\n<p><iframe loading=\"lazy\" src=\"https:\/\/www.youtube.com\/embed\/cqZqjv6hg6w\" width=\"560\" height=\"315\" frameborder=\"0\" allowfullscreen=\"allowfullscreen\"><\/iframe><\/p>\n<p>Parabenizamos, em nome da popula\u00e7\u00e3o belmontense, a Kadigia L. dos Santos Concei\u00e7\u00e3o e Dr\u00aa. Andrea Gomes Fernandes Beraldi\u00a0 por estarem contribuindo para prepara\u00e7\u00e3o e forma\u00e7\u00e3o de adolescentes e jovens Belmontenses.<\/p>\n","protected":false},"excerpt":{"rendered":"<p>No dia 28 de Maio de 2018, \u00e1s 16:00 horas, foi realizado no f\u00f3rum Dr. Luiz Viana Filho, Comarca de Belmonte, a abertura do Projeto \u201cViver Legal\u201d, projeto que tem como autora a assistente social do f\u00f3rum Kadigia L. dos Santos Concei\u00e7\u00e3o. O projeto \u201cViver Legal\u201d foi concebido pela assistente social do f\u00f3rum de Belmonte,\u00a0 [&hellip;]<\/p>\n","protected":false},"author":7,"featured_media":18585,"comment_status":"open","ping_status":"open","sticky":false,"template":"","format":"standard","meta":{"footnotes":""},"categories":[99,1],"tags":[],"class_list":["post-18584","post","type-post","status-publish","format-standard","has-post-thumbnail","hentry","category-justica","category-noticias"],"_links":{"self":[{"href":"https:\/\/www.maisbn.com\/portal\/wp-json\/wp\/v2\/posts\/18584","targetHints":{"allow":["GET"]}}],"collection":[{"href":"https:\/\/www.maisbn.com\/portal\/wp-json\/wp\/v2\/posts"}],"about":[{"href":"https:\/\/www.maisbn.com\/portal\/wp-json\/wp\/v2\/types\/post"}],"author":[{"embeddable":true,"href":"https:\/\/www.maisbn.com\/portal\/wp-json\/wp\/v2\/users\/7"}],"replies":[{"embeddable":true,"href":"https:\/\/www.maisbn.com\/portal\/wp-json\/wp\/v2\/comments?post=18584"}],"version-history":[{"count":3,"href":"https:\/\/www.maisbn.com\/portal\/wp-json\/wp\/v2\/posts\/18584\/revisions"}],"predecessor-version":[{"id":18595,"href":"https:\/\/www.maisbn.com\/portal\/wp-json\/wp\/v2\/posts\/18584\/revisions\/18595"}],"wp:featuredmedia":[{"embeddable":true,"href":"https:\/\/www.maisbn.com\/portal\/wp-json\/wp\/v2\/media\/18585"}],"wp:attachment":[{"href":"https:\/\/www.maisbn.com\/portal\/wp-json\/wp\/v2\/media?parent=18584"}],"wp:term":[{"taxonomy":"category","embeddable":true,"href":"https:\/\/www.maisbn.com\/portal\/wp-json\/wp\/v2\/categories?post=18584"},{"taxonomy":"post_tag","embeddable":true,"href":"https:\/\/www.maisbn.com\/portal\/wp-json\/wp\/v2\/tags?post=18584"}],"curies":[{"name":"wp","href":"https:\/\/api.w.org\/{rel}","templated":true}]}}