{"id":1856,"date":"2012-12-11T16:33:12","date_gmt":"2012-12-11T18:33:12","guid":{"rendered":"http:\/\/www.maisbn.com\/portal\/?p=1856"},"modified":"2012-12-11T17:59:17","modified_gmt":"2012-12-11T19:59:17","slug":"e-o-tchan-confirma-em-programa-de-tv-que-fara-show-no-reveillon-de-belmonte","status":"publish","type":"post","link":"https:\/\/www.maisbn.com\/portal\/2012\/12\/e-o-tchan-confirma-em-programa-de-tv-que-fara-show-no-reveillon-de-belmonte\/","title":{"rendered":"\u00c9 o Tchan confirma em programa de TV que far\u00e1 show no Reveillon de Belmonte."},"content":{"rendered":"<p>Durante sua apresenta\u00e7\u00e3o no Programa Se Liga Boc\u00e3o da Rede Record Bahia, Beto Jamaica, um dos vocalistas do Grupo \u00c9 o Tchan, ao apresentar a agenda da banda para o final de ano anunciou que estar\u00e1 se apresentando em Belmonte no dia 30 de Dezembro.<\/p>\n<p>Com isso, embora a Prefeitura de Belmonte n\u00e3o tenha divulgado a programa\u00e7\u00e3o oficial, a galera j\u00e1 pode ir se preparando para curtir o melhor Reveillon da Costa do Descobrimento.<\/p>\n<p><a href=\"http:\/\/www.maisbn.com\/portal\/wp-content\/uploads\/2012\/12\/eotchanoriginal.jpg\"><img loading=\"lazy\" decoding=\"async\" class=\"size-full wp-image-1857 aligncenter\" title=\"eotchanoriginal\" src=\"http:\/\/www.maisbn.com\/portal\/wp-content\/uploads\/2012\/12\/eotchanoriginal.jpg\" alt=\"\" width=\"411\" height=\"369\" srcset=\"https:\/\/www.maisbn.com\/portal\/wp-content\/uploads\/2012\/12\/eotchanoriginal.jpg 411w, https:\/\/www.maisbn.com\/portal\/wp-content\/uploads\/2012\/12\/eotchanoriginal-389x350.jpg 389w\" sizes=\"auto, (max-width: 411px) 100vw, 411px\" \/><\/a><\/p>\n","protected":false},"excerpt":{"rendered":"<p>Durante sua apresenta\u00e7\u00e3o no Programa Se Liga Boc\u00e3o da Rede Record Bahia, Beto Jamaica, um dos vocalistas do Grupo \u00c9 o Tchan, ao apresentar a agenda da banda para o final de ano anunciou que estar\u00e1 se apresentando em Belmonte no dia 30 de Dezembro. Com isso, embora a Prefeitura de Belmonte n\u00e3o tenha divulgado [&hellip;]<\/p>\n","protected":false},"author":1,"featured_media":0,"comment_status":"closed","ping_status":"open","sticky":false,"template":"","format":"standard","meta":{"footnotes":""},"categories":[45,1],"tags":[44,293],"class_list":["post-1856","post","type-post","status-publish","format-standard","hentry","category-cidades","category-noticias","tag-belmonte-ba","tag-reveiilon-2013"],"_links":{"self":[{"href":"https:\/\/www.maisbn.com\/portal\/wp-json\/wp\/v2\/posts\/1856","targetHints":{"allow":["GET"]}}],"collection":[{"href":"https:\/\/www.maisbn.com\/portal\/wp-json\/wp\/v2\/posts"}],"about":[{"href":"https:\/\/www.maisbn.com\/portal\/wp-json\/wp\/v2\/types\/post"}],"author":[{"embeddable":true,"href":"https:\/\/www.maisbn.com\/portal\/wp-json\/wp\/v2\/users\/1"}],"replies":[{"embeddable":true,"href":"https:\/\/www.maisbn.com\/portal\/wp-json\/wp\/v2\/comments?post=1856"}],"version-history":[{"count":0,"href":"https:\/\/www.maisbn.com\/portal\/wp-json\/wp\/v2\/posts\/1856\/revisions"}],"wp:attachment":[{"href":"https:\/\/www.maisbn.com\/portal\/wp-json\/wp\/v2\/media?parent=1856"}],"wp:term":[{"taxonomy":"category","embeddable":true,"href":"https:\/\/www.maisbn.com\/portal\/wp-json\/wp\/v2\/categories?post=1856"},{"taxonomy":"post_tag","embeddable":true,"href":"https:\/\/www.maisbn.com\/portal\/wp-json\/wp\/v2\/tags?post=1856"}],"curies":[{"name":"wp","href":"https:\/\/api.w.org\/{rel}","templated":true}]}}