{"id":1851,"date":"2012-12-08T06:42:44","date_gmt":"2012-12-08T08:42:44","guid":{"rendered":"http:\/\/www.maisbn.com\/portal\/?p=1851"},"modified":"2012-12-08T06:42:44","modified_gmt":"2012-12-08T08:42:44","slug":"audiencia-publica-sobre-a-ampliacao-do-terminal-maritimo-de-belmonte-sera-no-dia-13-de-dezembro-em-belmonte","status":"publish","type":"post","link":"https:\/\/www.maisbn.com\/portal\/2012\/12\/audiencia-publica-sobre-a-ampliacao-do-terminal-maritimo-de-belmonte-sera-no-dia-13-de-dezembro-em-belmonte\/","title":{"rendered":"Audi\u00eancia P\u00fablica sobre a amplia\u00e7\u00e3o do Terminal Mar\u00edtimo de Belmonte ser\u00e1 no dia 13 de Dezembro em Belmonte."},"content":{"rendered":"<div id=\"attachment_1635\" style=\"width: 510px\" class=\"wp-caption alignleft\"><a href=\"http:\/\/www.maisbn.com\/portal\/wp-content\/uploads\/2012\/11\/29700846.jpg\"><img loading=\"lazy\" decoding=\"async\" aria-describedby=\"caption-attachment-1635\" class=\"size-full wp-image-1635\" title=\"29700846\" src=\"http:\/\/www.maisbn.com\/portal\/wp-content\/uploads\/2012\/11\/29700846.jpg\" alt=\"\" width=\"500\" height=\"334\" \/><\/a><p id=\"caption-attachment-1635\" class=\"wp-caption-text\">Terminal Mar\u00edtimo de Belmonte<\/p><\/div>\n<p>O Instituto Brasileiro de Meio Ambiente e Recursos Renov\u00e1veis (IBAMA) ir\u00e1 realizar, no\u00a0<strong>dia 13 de dezembro de 2012<\/strong>, a Audi\u00eancia P\u00fablica para apresenta\u00e7\u00e3o e discuss\u00e3o do Estudo de Impacto Ambiental &#8211; EIA e do Relat\u00f3rio de Impacto Ambiental &#8211; RIMA do Terminal Mar\u00edtimo Avan\u00e7ado de Belmonte, de acordo com edital publicado no \u00faltimo dia 22 de novembro no Di\u00e1rio Oficial da Uni\u00e3o.<\/p>\n<p>A Audi\u00eancia P\u00fablica ser\u00e1 realizada a partir das 19h, no Galp\u00e3o da Loja Ma\u00e7\u00f4nica Uni\u00e3o e Sigilo, situado na Rua Dom Pedro II, n\u00ba 326, Centro do munic\u00edpio de Belmonte, no Extremo Sul da Bahia.<\/p>\n<p>Desde o dia 07 de novembro, o IBAMA disponibilizou,\u00a0 para consulta p\u00fablica, o Estudo de Impacto Ambiental (EIA) e o Relat\u00f3rio de Impacto Ambiental (RIMA) da Amplia\u00e7\u00e3o do Terminal Mar\u00edtimo de Belmonte (TMB) da Veracel Celulose, conforme edital publicado no di\u00e1rio Oficial da Uni\u00e3o do dia 26 de outubro deste ano. Visando assegurar a transpar\u00eancia do processo de licenciamento ambiental a Veracel concordou em divulgar tamb\u00e9m o EIA em m\u00eddia digital para consulta p\u00fablica nos locais indicados pelo IBAMA. O EIA\/Rima ficar\u00e1 \u00e0 disposi\u00e7\u00e3o da sociedade para consulta por um per\u00edodo de 45 (quarenta e cinco) dias.<\/p>\n<p>A disponibiliza\u00e7\u00e3o para consulta p\u00fablica do RIMA atendeu ao artigo 11 da Resolu\u00e7\u00e3o CONAMA n\u00ba 001\/86. O RIMA tem como principal objetivo apresentar os resultados de v\u00e1rios estudos realizados por profissionais de diversas \u00e1reas, como parte do processo para a empresa obter a Licen\u00e7a de amplia\u00e7\u00e3o do TMB.<\/p>\n<p>&nbsp;<\/p>\n<p>O EIA\/RIMA est\u00e1 dispon\u00edvel\u00a0 nos seguintes endere\u00e7os divulgados pelo IBAMA:<\/p>\n<p>&nbsp;<\/p>\n<p>&nbsp;<\/p>\n<p><strong>Belmonte<\/strong><\/p>\n<p>&nbsp;<\/p>\n<p>1.\u00a0\u00a0\u00a0\u00a0\u00a0\u00a0 Minist\u00e9rio P\u00fablico Estadual de Belmonte &#8211; F\u00f3rum Dr. Luiz Viana Filho, Av. Rio Mar, 159, Centro, Belmonte\/BA<\/p>\n<p>&nbsp;<\/p>\n<p>2.\u00a0\u00a0\u00a0\u00a0\u00a0\u00a0 Prefeitura Municipal de Belmonte &#8211; Av. Rio Mar, s\/n\u00ba, Centro, Belmonte\/BA;<\/p>\n<p>&nbsp;<\/p>\n<p>3.\u00a0\u00a0\u00a0\u00a0\u00a0\u00a0 Secretaria Municipal de Meio Ambiente de Belmonte &#8211; Av. Rio Mar, s\/n\u00ba, Centro, Belmonte\/BA;<\/p>\n<p>&nbsp;<\/p>\n<p>4.\u00a0\u00a0\u00a0\u00a0\u00a0\u00a0 Biblioteca P\u00fablica do Munic\u00edpio de Belmonte &#8211; Rua Marechal Deodoro, 52, Belmonte\/BA;<\/p>\n<p>&nbsp;<\/p>\n<p>5.\u00a0\u00a0\u00a0\u00a0\u00a0\u00a0 C\u00e2mara Municipal de Belmonte &#8211; Rua Coronel Jos\u00e9 Gomes, 352, Centro, Belmonte\/BA;<\/p>\n<p>&nbsp;<\/p>\n<p><strong><br \/>\nSanta Cruz Cabr\u00e1lia<\/strong><\/p>\n<p>&nbsp;<\/p>\n<p>6.\u00a0\u00a0\u00a0\u00a0\u00a0\u00a0 C\u00e2mara Municipal de Santa Cruz Cabr\u00e1lia &#8211; Rua Sidrak Carvalho, 205, Centro, Santa Cruz Cabr\u00e1lia\/BA<\/p>\n<p>&nbsp;<\/p>\n<p>7.\u00a0\u00a0\u00a0\u00a0\u00a0\u00a0 Minist\u00e9rio P\u00fablico Estadual de Santa Cruz Cabr\u00e1lia- F\u00f3rum da Comarca, BR 367, Km 80, Praia de Mutari, Santa Cruz Cabr\u00e1lia\/BA;<\/p>\n<p>&nbsp;<\/p>\n<p>9.\u00a0\u00a0\u00a0\u00a0\u00a0\u00a0 Prefeitura Municipal de Santa Cruz Cabr\u00e1lia &#8211; Av. Cristal, 13, Mirante da Coroa, Santa Cruz Cabr\u00e1lia\/BA;<\/p>\n<p>&nbsp;<\/p>\n<p>10.\u00a0\u00a0 Secretaria Municipal de Meio Ambiente de\u00a0 Santa Cruz Cabr\u00e1lia &#8211; Casa Cabral de Belmonte, BR 367, Km 85, Praia de Mutari, Santa Cruz de Cabr\u00e1lia\/BA;<\/p>\n<p>&nbsp;<\/p>\n<p>&nbsp;<\/p>\n<p><strong>Porto Seguro<\/strong><\/p>\n<p>&nbsp;<\/p>\n<p>11.\u00a0\u00a0 Delegacia da Capitania dos Portos de Porto Seguro &#8211; Rua S\u00e3o Pedro s\/n, Porto Seguro\/BA.<\/p>\n<p>&nbsp;<\/p>\n<p>12.\u00a0\u00a0 Instituto do Patrim\u00f4nio Hist\u00f3rico e Art\u00edstico Nacional &#8211; IPHAN &#8211; Rua Ant\u00f4nio Ricaldi, 39, Cidade Hist\u00f3rica, Porto Seguro\/BA;<\/p>\n<p>&nbsp;<\/p>\n<p>8.\u00a0\u00a0\u00a0\u00a0\u00a0\u00a0 Funda\u00e7\u00e3o Nacional do \u00cdndio &#8211; FUNAI &#8211; Rua das Cajazeiras, 144, Manoel Carneiro, Porto Seguro\/BA;<\/p>\n<p>&nbsp;<\/p>\n<p><strong><br \/>\nEun\u00e1polis<\/strong><\/p>\n<p>&nbsp;<\/p>\n<p>13.\u00a0\u00a0 Ger\u00eancia Executiva do IBAMA em Eun\u00e1polis &#8211; Av. Presidente Kennedy, 280, Centro, Eun\u00e1polis\/BA<\/p>\n<p>&nbsp;<\/p>\n<p>14.\u00a0\u00a0 Minist\u00e9rio P\u00fablico Federal &#8211; Rua Padre Jo\u00e3o Gualberto, n\u00b0 652 &#8211; Vivendas Costa Azul, CEP: 45.820-625 &#8211; Eun\u00e1polis BA;<\/p>\n<p>&nbsp;<\/p>\n<p>15.\u00a0\u00a0 Instituto do Meio Ambiente e Recursos H\u00eddricos &#8211; INEMA &#8211; Rua Viena, 425, Casa dos Recursos Naturais, Bairro Dinah Borges, Eun\u00e1polis\/BA;<\/p>\n<p><wbr>\u00a0\u00a0\u00a0\u00a0\u00a0\u00a0\u00a0\u00a0\u00a0\u00a0\u00a0\u00a0\u00a0\u00a0\u00a0\u00a0\u00a0\u00a0\u00a0\u00a0\u00a0\u00a0\u00a0\u00a0\u00a0\u00a0\u00a0\u00a0\u00a0<\/wbr><\/p>\n<p>&nbsp;<\/p>\n<p>O RIMA est\u00e1 dispon\u00edvel tamb\u00e9m no site da Veracel (<a href=\"http:\/\/www.veracel.com.br\/\" target=\"_blank\">www.veracel.com.br<\/a>).<\/p>\n","protected":false},"excerpt":{"rendered":"<p>O Instituto Brasileiro de Meio Ambiente e Recursos Renov\u00e1veis (IBAMA) ir\u00e1 realizar, no\u00a0dia 13 de dezembro de 2012, a Audi\u00eancia P\u00fablica para apresenta\u00e7\u00e3o e discuss\u00e3o do Estudo de Impacto Ambiental &#8211; EIA e do Relat\u00f3rio de Impacto Ambiental &#8211; RIMA do Terminal Mar\u00edtimo Avan\u00e7ado de Belmonte, de acordo com edital publicado no \u00faltimo dia 22 [&hellip;]<\/p>\n","protected":false},"author":1,"featured_media":0,"comment_status":"closed","ping_status":"open","sticky":false,"template":"","format":"standard","meta":{"footnotes":""},"categories":[29,1],"tags":[30],"class_list":["post-1851","post","type-post","status-publish","format-standard","hentry","category-empreendimentos","category-noticias","tag-veracel"],"_links":{"self":[{"href":"https:\/\/www.maisbn.com\/portal\/wp-json\/wp\/v2\/posts\/1851","targetHints":{"allow":["GET"]}}],"collection":[{"href":"https:\/\/www.maisbn.com\/portal\/wp-json\/wp\/v2\/posts"}],"about":[{"href":"https:\/\/www.maisbn.com\/portal\/wp-json\/wp\/v2\/types\/post"}],"author":[{"embeddable":true,"href":"https:\/\/www.maisbn.com\/portal\/wp-json\/wp\/v2\/users\/1"}],"replies":[{"embeddable":true,"href":"https:\/\/www.maisbn.com\/portal\/wp-json\/wp\/v2\/comments?post=1851"}],"version-history":[{"count":0,"href":"https:\/\/www.maisbn.com\/portal\/wp-json\/wp\/v2\/posts\/1851\/revisions"}],"wp:attachment":[{"href":"https:\/\/www.maisbn.com\/portal\/wp-json\/wp\/v2\/media?parent=1851"}],"wp:term":[{"taxonomy":"category","embeddable":true,"href":"https:\/\/www.maisbn.com\/portal\/wp-json\/wp\/v2\/categories?post=1851"},{"taxonomy":"post_tag","embeddable":true,"href":"https:\/\/www.maisbn.com\/portal\/wp-json\/wp\/v2\/tags?post=1851"}],"curies":[{"name":"wp","href":"https:\/\/api.w.org\/{rel}","templated":true}]}}