{"id":18435,"date":"2018-05-12T07:58:04","date_gmt":"2018-05-12T10:58:04","guid":{"rendered":"http:\/\/www.maisbn.com\/portal\/?p=18435"},"modified":"2018-05-12T07:58:04","modified_gmt":"2018-05-12T10:58:04","slug":"embasa-reajusta-em-409-valor-dos-servicos-de-agua-e-esgoto","status":"publish","type":"post","link":"https:\/\/www.maisbn.com\/portal\/2018\/05\/embasa-reajusta-em-409-valor-dos-servicos-de-agua-e-esgoto\/","title":{"rendered":"Embasa reajusta em 4,09% valor dos servi\u00e7os de \u00e1gua e esgoto."},"content":{"rendered":"<p><a href=\"http:\/\/www.maisbn.com\/portal\/wp-content\/uploads\/2016\/06\/conta-embasa.jpg\"><img loading=\"lazy\" decoding=\"async\" class=\"aligncenter  wp-image-11165\" src=\"http:\/\/www.maisbn.com\/portal\/wp-content\/uploads\/2016\/06\/conta-embasa.jpg\" alt=\"conta-embasa\" width=\"592\" height=\"333\" \/><\/a><\/p>\n<p>A Embasa vai reajustar em 4,09% o valor dos servi\u00e7os de \u00e1gua e esgoto prestados pela empresa. O aumento ser\u00e1 publicado no Di\u00e1rio Oficial do Estado deste s\u00e1bado (12). Segundo o governo estadual, a medida busca recompor as perdas inflacion\u00e1rias dos custos de presta\u00e7\u00e3o dos servi\u00e7os e foi autorizada pela Ag\u00eancia Reguladora de Saneamento B\u00e1sico do Estado da Bahia (Agersa), \u00f3rg\u00e3o respons\u00e1vel pela fiscaliza\u00e7\u00e3o do setor.<\/p>\n<p>O percentual ser\u00e1 aplicado de forma linear sobre as tarifas vigentes e passa a vigorar 30 dias depois da data de publica\u00e7\u00e3o do reajuste. O aumento \u00e9 previsto em lei recomp\u00f5e a varia\u00e7\u00e3o da infla\u00e7\u00e3o com base no IPCA e em \u00edndices inflacion\u00e1rios vari\u00e1veis ligados aos insumos da atividade da Embasa. Com o reajuste, o valor da tarifa m\u00ednima residencial social vai passar de R$ 12,30 para R$ 12,80; a m\u00ednima residencial intermedi\u00e1ria vai subir de R$ 24,20 para R$ 25,20; e a m\u00ednima residencial normal crescer\u00e1 de R$ 27,50 para R$ 28,60.<\/p>\n","protected":false},"excerpt":{"rendered":"<p>A Embasa vai reajustar em 4,09% o valor dos servi\u00e7os de \u00e1gua e esgoto prestados pela empresa. O aumento ser\u00e1 publicado no Di\u00e1rio Oficial do Estado deste s\u00e1bado (12). Segundo o governo estadual, a medida busca recompor as perdas inflacion\u00e1rias dos custos de presta\u00e7\u00e3o dos servi\u00e7os e foi autorizada pela Ag\u00eancia Reguladora de Saneamento B\u00e1sico [&hellip;]<\/p>\n","protected":false},"author":7,"featured_media":11165,"comment_status":"open","ping_status":"open","sticky":false,"template":"","format":"standard","meta":{"footnotes":""},"categories":[20,1],"tags":[],"class_list":["post-18435","post","type-post","status-publish","format-standard","has-post-thumbnail","hentry","category-bahia","category-noticias"],"_links":{"self":[{"href":"https:\/\/www.maisbn.com\/portal\/wp-json\/wp\/v2\/posts\/18435","targetHints":{"allow":["GET"]}}],"collection":[{"href":"https:\/\/www.maisbn.com\/portal\/wp-json\/wp\/v2\/posts"}],"about":[{"href":"https:\/\/www.maisbn.com\/portal\/wp-json\/wp\/v2\/types\/post"}],"author":[{"embeddable":true,"href":"https:\/\/www.maisbn.com\/portal\/wp-json\/wp\/v2\/users\/7"}],"replies":[{"embeddable":true,"href":"https:\/\/www.maisbn.com\/portal\/wp-json\/wp\/v2\/comments?post=18435"}],"version-history":[{"count":1,"href":"https:\/\/www.maisbn.com\/portal\/wp-json\/wp\/v2\/posts\/18435\/revisions"}],"predecessor-version":[{"id":18436,"href":"https:\/\/www.maisbn.com\/portal\/wp-json\/wp\/v2\/posts\/18435\/revisions\/18436"}],"wp:featuredmedia":[{"embeddable":true,"href":"https:\/\/www.maisbn.com\/portal\/wp-json\/wp\/v2\/media\/11165"}],"wp:attachment":[{"href":"https:\/\/www.maisbn.com\/portal\/wp-json\/wp\/v2\/media?parent=18435"}],"wp:term":[{"taxonomy":"category","embeddable":true,"href":"https:\/\/www.maisbn.com\/portal\/wp-json\/wp\/v2\/categories?post=18435"},{"taxonomy":"post_tag","embeddable":true,"href":"https:\/\/www.maisbn.com\/portal\/wp-json\/wp\/v2\/tags?post=18435"}],"curies":[{"name":"wp","href":"https:\/\/api.w.org\/{rel}","templated":true}]}}