{"id":18348,"date":"2018-05-02T09:26:39","date_gmt":"2018-05-02T12:26:39","guid":{"rendered":"http:\/\/www.maisbn.com\/portal\/?p=18348"},"modified":"2018-05-02T09:26:39","modified_gmt":"2018-05-02T12:26:39","slug":"300-pessoas-se-formam-em-cursos-nas-areas-administrativas-e-de-atendimento-em-belmonte","status":"publish","type":"post","link":"https:\/\/www.maisbn.com\/portal\/2018\/05\/300-pessoas-se-formam-em-cursos-nas-areas-administrativas-e-de-atendimento-em-belmonte\/","title":{"rendered":"300 pessoas se formam em cursos nas \u00e1reas administrativas e de atendimento em Belmonte."},"content":{"rendered":"<p>Uma cerim\u00f4nia realizada na \u00faltima sexta-feira (27\/04) na sede da C\u00e2mara de Vereadores de Belmonte marcou a finaliza\u00e7\u00e3o e a certifica\u00e7\u00e3o de 300 belmontenses que participaram de 08 cursos ministrados pelo Instituto Nacional de Forma\u00e7\u00e3o Profissional (INFOP). A iniciativa, que contou com o apoio da C\u00e2mara de Vereadores e da Prefeitura Municipal de Belmonte, disponibilizou 04 cursos na \u00e1rea de atendimento e 04 cursos na \u00e1rea administrativa. Foram ofertados os cursos de atendente de lojas, recepcionistas, operador de telemarketing, promotor de vendas, auxiliar administrativo, auxiliar de escrit\u00f3rio, conhecimentos banc\u00e1rios e operador de caixa.<\/p>\n<p><a href=\"http:\/\/www.maisbn.com\/portal\/wp-content\/uploads\/2018\/05\/curso_infop00027.jpg\"><img loading=\"lazy\" decoding=\"async\" class=\"aligncenter  wp-image-18362\" src=\"http:\/\/www.maisbn.com\/portal\/wp-content\/uploads\/2018\/05\/curso_infop00027.jpg\" alt=\"curso_infop00027\" width=\"600\" height=\"385\" \/><\/a><\/p>\n<p>Os cursos foram divididos em turmas que, por sua vez, tiveram as aulas dividas nos turnos vespertino e noturno. Cada aula teve a dura\u00e7\u00e3o de 02 horas. A iniciativa durou tr\u00eas dias e os trabalhos aconteceram na sede do Legislativo Belmontense que teve o sal\u00e3o do plen\u00e1rio transformado em uma sala de aula. O cursos n\u00e3o tiveram custo financeiro para os participantes. Apenas foi cobrada uma taxa de documenta\u00e7\u00e3o para a confec\u00e7\u00e3o dos certificados. O INFOP informou que a parceria fechada com a C\u00e2mara de Vereadores e a Prefeitura cobriram os custos operacionais da empresa.<\/p>\n<p><a href=\"http:\/\/www.maisbn.com\/portal\/wp-content\/uploads\/2018\/05\/curso_infop00034.jpg\"><img loading=\"lazy\" decoding=\"async\" class=\"aligncenter  wp-image-18363\" src=\"http:\/\/www.maisbn.com\/portal\/wp-content\/uploads\/2018\/05\/curso_infop00034.jpg\" alt=\"curso_infop00034\" width=\"600\" height=\"385\" \/><\/a><\/p>\n<p>Um grande n\u00famero de pessoas da comunidade se fez presente na cerim\u00f4nia de certifica\u00e7\u00e3o. O Prefeito Janival Borges, que tamb\u00e9m participou do evento, colocou que se sentia muito feliz em estar ajudando na forma\u00e7\u00e3o profissional dos belmontenses. <strong><em>&#8220;Conhecimento \u00e9 uma riqueza especial porque ningu\u00e9m tira de voc\u00eas. \u00c9 o maior presente que uma pessoa pode receber. O que estamos fazendo \u00e9 a diferen\u00e7a no futuro de cada um aqui presente porque n\u00e3o podemos exigir empregos de qualidade se n\u00e3o temos uma forma\u00e7\u00e3o adequada para o nosso povo.&#8221;<\/em><\/strong> &#8211; Revelou Janival.<\/p>\n<p><a href=\"http:\/\/www.maisbn.com\/portal\/wp-content\/uploads\/2018\/05\/curso_infop00008.jpg\"><img loading=\"lazy\" decoding=\"async\" class=\"aligncenter  wp-image-18364\" src=\"http:\/\/www.maisbn.com\/portal\/wp-content\/uploads\/2018\/05\/curso_infop00008.jpg\" alt=\"curso_infop00008\" width=\"600\" height=\"385\" \/><\/a><\/p>\n<p>O Presidente da C\u00e2mara de Vereadores, Aelson Matos (Calango) tamb\u00e9m se pronunciou e revelou que os tempos est\u00e3o mudando e que ele queria muito que existissem eventos como esses na \u00e9poca em que era jovem. <strong><em>&#8220;No passado n\u00e3o t\u00ednhamos essa iniciativa em Belmonte e muitas vezes \u00edamos para outras cidades e sofr\u00edamos porque n\u00e3o t\u00ednhamos forma\u00e7\u00e3o profissional nenhuma. Tamb\u00e9m perdemos empregos bons na Veracel porque os belmontenses n\u00e3o tinham forma\u00e7\u00e3o. A globaliza\u00e7\u00e3o est\u00e1 ai e conhecimento \u00e9 tudo. Me sinto feliz em estar ajudando nessa a\u00e7\u00e3o que representa uma valiosa chance no mercado de trabalho para essas 3oo pessoas que participaram das aulas aqui ministradas.&#8221;<\/em><\/strong> &#8211; Finalizou o chefe do poder legislativo.<\/p>\n<p><a href=\"http:\/\/www.maisbn.com\/portal\/wp-content\/uploads\/2018\/05\/mosaico_cursos_infop.jpg\"><img loading=\"lazy\" decoding=\"async\" class=\"aligncenter  wp-image-18365\" src=\"http:\/\/www.maisbn.com\/portal\/wp-content\/uploads\/2018\/05\/mosaico_cursos_infop.jpg\" alt=\"mosaico_cursos_infop\" width=\"600\" height=\"386\" \/><\/a><\/p>\n<p>O INFOP ainda continua em atua\u00e7\u00e3o em Belmonte e agora levar\u00e1 os cursos de forma\u00e7\u00e3o profissional da empresa para a popula\u00e7\u00e3o do distrito de Barrol\u00e2ndia. As aulas est\u00e3o previstas para come\u00e7ar nessa quarta-feira (02\/05) e as inscri\u00e7\u00f5es j\u00e1 est\u00e3o abertas.<\/p>\n","protected":false},"excerpt":{"rendered":"<p>Uma cerim\u00f4nia realizada na \u00faltima sexta-feira (27\/04) na sede da C\u00e2mara de Vereadores de Belmonte marcou a finaliza\u00e7\u00e3o e a certifica\u00e7\u00e3o de 300 belmontenses que participaram de 08 cursos ministrados pelo Instituto Nacional de Forma\u00e7\u00e3o Profissional (INFOP). A iniciativa, que contou com o apoio da C\u00e2mara de Vereadores e da Prefeitura Municipal de Belmonte, disponibilizou [&hellip;]<\/p>\n","protected":false},"author":7,"featured_media":18366,"comment_status":"open","ping_status":"open","sticky":false,"template":"","format":"standard","meta":{"footnotes":""},"categories":[9,1],"tags":[],"class_list":["post-18348","post","type-post","status-publish","format-standard","has-post-thumbnail","hentry","category-concursos-oportunidades","category-noticias"],"_links":{"self":[{"href":"https:\/\/www.maisbn.com\/portal\/wp-json\/wp\/v2\/posts\/18348","targetHints":{"allow":["GET"]}}],"collection":[{"href":"https:\/\/www.maisbn.com\/portal\/wp-json\/wp\/v2\/posts"}],"about":[{"href":"https:\/\/www.maisbn.com\/portal\/wp-json\/wp\/v2\/types\/post"}],"author":[{"embeddable":true,"href":"https:\/\/www.maisbn.com\/portal\/wp-json\/wp\/v2\/users\/7"}],"replies":[{"embeddable":true,"href":"https:\/\/www.maisbn.com\/portal\/wp-json\/wp\/v2\/comments?post=18348"}],"version-history":[{"count":3,"href":"https:\/\/www.maisbn.com\/portal\/wp-json\/wp\/v2\/posts\/18348\/revisions"}],"predecessor-version":[{"id":18367,"href":"https:\/\/www.maisbn.com\/portal\/wp-json\/wp\/v2\/posts\/18348\/revisions\/18367"}],"wp:featuredmedia":[{"embeddable":true,"href":"https:\/\/www.maisbn.com\/portal\/wp-json\/wp\/v2\/media\/18366"}],"wp:attachment":[{"href":"https:\/\/www.maisbn.com\/portal\/wp-json\/wp\/v2\/media?parent=18348"}],"wp:term":[{"taxonomy":"category","embeddable":true,"href":"https:\/\/www.maisbn.com\/portal\/wp-json\/wp\/v2\/categories?post=18348"},{"taxonomy":"post_tag","embeddable":true,"href":"https:\/\/www.maisbn.com\/portal\/wp-json\/wp\/v2\/tags?post=18348"}],"curies":[{"name":"wp","href":"https:\/\/api.w.org\/{rel}","templated":true}]}}