{"id":18304,"date":"2018-04-24T14:58:07","date_gmt":"2018-04-24T17:58:07","guid":{"rendered":"http:\/\/www.maisbn.com\/portal\/?p=18304"},"modified":"2018-04-24T14:58:07","modified_gmt":"2018-04-24T17:58:07","slug":"secretaria-de-educacao-promove-forum-voltado-aos-educadores-belmontenses","status":"publish","type":"post","link":"https:\/\/www.maisbn.com\/portal\/2018\/04\/secretaria-de-educacao-promove-forum-voltado-aos-educadores-belmontenses\/","title":{"rendered":"Secretaria de Educa\u00e7\u00e3o promove F\u00f3rum voltado aos educadores belmontenses."},"content":{"rendered":"<p>A Secretaria Municipal de Educa\u00e7\u00e3o promoveu na manh\u00e3 do \u00faltimo dia 19\/04 o F\u00f3rum de Educa\u00e7\u00e3o. O evento, que aconteceu no audit\u00f3rio da C\u00e2mara de Vereadores de Belmonte, foi coordenado pelo Secret\u00e1rio de Educa\u00e7\u00e3o Paulo Carvalho e contou com 51 participantes, dentre eles: gestores, coordenadores, articuladores e convidados do Munic\u00edpio de Belmonte.<\/p>\n<p><a href=\"http:\/\/www.maisbn.com\/portal\/wp-content\/uploads\/2018\/04\/forumdeeduca\u00e7\u00e3o00016.jpg\"><img loading=\"lazy\" decoding=\"async\" class=\"aligncenter  wp-image-18306\" src=\"http:\/\/www.maisbn.com\/portal\/wp-content\/uploads\/2018\/04\/forumdeeduca\u00e7\u00e3o00016.jpg\" alt=\"forumdeeduca\u00e7\u00e3o00016\" width=\"600\" height=\"385\" \/><\/a><\/p>\n<p>O F\u00f3rum de Educa\u00e7\u00e3o tem como finalidade promover um espa\u00e7o de discuss\u00f5es produtivas e democr\u00e1ticas com o objetivo de oferecer \u00e0 sociedade educacional de Belmonte compreens\u00e3o aliada \u00e0 reflex\u00f5es cr\u00edticas e construtivas sobre as perspectivas e os desafios dos programas educacionais lan\u00e7ados como:\u00a0Concurso Liter\u00e1rio; Programa Escolas Conectadas; Programa Novo Mais Educa\u00e7\u00e3o; Programa Mais Alfabetiza\u00e7\u00e3o; Programa Forma\u00e7\u00e3o pela Escola e Gest\u00e3o de Recursos Financeiros.<\/p>\n<p><a href=\"http:\/\/www.maisbn.com\/portal\/wp-content\/uploads\/2018\/04\/forumdeeduca\u00e7\u00e3o00010.jpg\"><img loading=\"lazy\" decoding=\"async\" class=\"aligncenter  wp-image-18307\" src=\"http:\/\/www.maisbn.com\/portal\/wp-content\/uploads\/2018\/04\/forumdeeduca\u00e7\u00e3o00010.jpg\" alt=\"forumdeeduca\u00e7\u00e3o00010\" width=\"600\" height=\"385\" \/><\/a><\/p>\n<p>Um dos principais assuntos abordados no F\u00f3rum foi o Programa Forma\u00e7\u00e3o pela Escola, do Programa Nacional de Forma\u00e7\u00e3o Continuada \u00e0 Dist\u00e2ncia nas A\u00e7\u00f5es do FNDE (Fundo Nacional de Desenvolvimento da Educa\u00e7\u00e3o). O mesmo tem como objetivo contribuir para o fortalecimento da atua\u00e7\u00e3o dos agentes e parceiros envolvidos com a execu\u00e7\u00e3o, monitoramento, avalia\u00e7\u00e3o, presta\u00e7\u00e3o de contas e controle social dos programas e a\u00e7\u00f5es educacionais financiados pelo FNDE em parceria com os estados e munic\u00edpios.<\/p>\n<p><a href=\"http:\/\/www.maisbn.com\/portal\/wp-content\/uploads\/2018\/04\/forumdeeduca\u00e7\u00e3o00004.jpg\"><img loading=\"lazy\" decoding=\"async\" class=\"aligncenter  wp-image-18308\" src=\"http:\/\/www.maisbn.com\/portal\/wp-content\/uploads\/2018\/04\/forumdeeduca\u00e7\u00e3o00004.jpg\" alt=\"forumdeeduca\u00e7\u00e3o00004\" width=\"600\" height=\"385\" \/><\/a><\/p>\n<p>O Forma\u00e7\u00e3o pela Escola \u00e9 composto, atualmente, pelos seguintes cursos: Compet\u00eancias B\u00e1sicas; Programa Dinheiro Direto na Escola (PDDE); Programa de Transporte Escolar ( PTE); Programa do Livro\u00a0 (PLi); Programa Nacional de Alimenta\u00e7\u00e3o Escolar ( PNAE); FUNDEB; Controle Social; Sistema de informa\u00e7\u00f5es sobre Or\u00e7amentos P\u00fablicos em Educa\u00e7\u00e3o (Siope) e Censo Escolar. Participam dessas a\u00e7\u00f5es cidad\u00e3os que exer\u00e7am fun\u00e7\u00f5es de gest\u00e3o, execu\u00e7\u00e3o, monitoramento e presta\u00e7\u00e3o de contas.<\/p>\n","protected":false},"excerpt":{"rendered":"<p>A Secretaria Municipal de Educa\u00e7\u00e3o promoveu na manh\u00e3 do \u00faltimo dia 19\/04 o F\u00f3rum de Educa\u00e7\u00e3o. O evento, que aconteceu no audit\u00f3rio da C\u00e2mara de Vereadores de Belmonte, foi coordenado pelo Secret\u00e1rio de Educa\u00e7\u00e3o Paulo Carvalho e contou com 51 participantes, dentre eles: gestores, coordenadores, articuladores e convidados do Munic\u00edpio de Belmonte. O F\u00f3rum de [&hellip;]<\/p>\n","protected":false},"author":7,"featured_media":18306,"comment_status":"open","ping_status":"open","sticky":false,"template":"","format":"standard","meta":{"footnotes":""},"categories":[8,1],"tags":[],"class_list":["post-18304","post","type-post","status-publish","format-standard","has-post-thumbnail","hentry","category-educacao","category-noticias"],"_links":{"self":[{"href":"https:\/\/www.maisbn.com\/portal\/wp-json\/wp\/v2\/posts\/18304","targetHints":{"allow":["GET"]}}],"collection":[{"href":"https:\/\/www.maisbn.com\/portal\/wp-json\/wp\/v2\/posts"}],"about":[{"href":"https:\/\/www.maisbn.com\/portal\/wp-json\/wp\/v2\/types\/post"}],"author":[{"embeddable":true,"href":"https:\/\/www.maisbn.com\/portal\/wp-json\/wp\/v2\/users\/7"}],"replies":[{"embeddable":true,"href":"https:\/\/www.maisbn.com\/portal\/wp-json\/wp\/v2\/comments?post=18304"}],"version-history":[{"count":2,"href":"https:\/\/www.maisbn.com\/portal\/wp-json\/wp\/v2\/posts\/18304\/revisions"}],"predecessor-version":[{"id":18309,"href":"https:\/\/www.maisbn.com\/portal\/wp-json\/wp\/v2\/posts\/18304\/revisions\/18309"}],"wp:featuredmedia":[{"embeddable":true,"href":"https:\/\/www.maisbn.com\/portal\/wp-json\/wp\/v2\/media\/18306"}],"wp:attachment":[{"href":"https:\/\/www.maisbn.com\/portal\/wp-json\/wp\/v2\/media?parent=18304"}],"wp:term":[{"taxonomy":"category","embeddable":true,"href":"https:\/\/www.maisbn.com\/portal\/wp-json\/wp\/v2\/categories?post=18304"},{"taxonomy":"post_tag","embeddable":true,"href":"https:\/\/www.maisbn.com\/portal\/wp-json\/wp\/v2\/tags?post=18304"}],"curies":[{"name":"wp","href":"https:\/\/api.w.org\/{rel}","templated":true}]}}