{"id":1821,"date":"2012-12-04T13:38:09","date_gmt":"2012-12-04T15:38:09","guid":{"rendered":"http:\/\/www.maisbn.com\/portal\/?p=1821"},"modified":"2012-12-04T13:41:52","modified_gmt":"2012-12-04T15:41:52","slug":"policiais-militares-sao-treinados-para-atuar-na-base-comunitaria-do-baianao","status":"publish","type":"post","link":"https:\/\/www.maisbn.com\/portal\/2012\/12\/policiais-militares-sao-treinados-para-atuar-na-base-comunitaria-do-baianao\/","title":{"rendered":"Policiais Militares s\u00e3o treinados para atuar na Base Comunit\u00e1ria do Baian\u00e3o."},"content":{"rendered":"<p><a href=\"http:\/\/www.maisbn.com\/portal\/wp-content\/uploads\/2012\/12\/coronelalfredo.jpg\"><img loading=\"lazy\" decoding=\"async\" class=\"size-full wp-image-1822 alignnone\" title=\"coronelalfredo\" src=\"http:\/\/www.maisbn.com\/portal\/wp-content\/uploads\/2012\/12\/coronelalfredo.jpg\" alt=\"\" width=\"600\" height=\"398\" srcset=\"https:\/\/www.maisbn.com\/portal\/wp-content\/uploads\/2012\/12\/coronelalfredo.jpg 600w, https:\/\/www.maisbn.com\/portal\/wp-content\/uploads\/2012\/12\/coronelalfredo-527x350.jpg 527w, https:\/\/www.maisbn.com\/portal\/wp-content\/uploads\/2012\/12\/coronelalfredo-500x331.jpg 500w\" sizes=\"auto, (max-width: 600px) 100vw, 600px\" \/><\/a><\/p>\n<p>Oitenta policiais militares participaram da aula inaugural do curso nacional de operador de policiamento comunit\u00e1rio, que teve in\u00edcio nesta segunda-feira, 03\/12, no audit\u00f3rio do Senac (Servi\u00e7o Nacional de Aprendizagem Comercial), em Porto Seguro. O treinamento visa prepara-los para atuar na Base Comunit\u00e1ria de Seguran\u00e7a, que ser\u00e1 instalada no bairro Baian\u00e3o, com o objetivo de pacificar a comunidade nos mesmos moldes que foram utilizados nas favelas do Rio de Janeiro.<\/p>\n<p>Com dura\u00e7\u00e3o de 40 horas, o curso aborda a hist\u00f3ria da pol\u00edcia, gest\u00e3o dos conhecimentos filos\u00f3ficos e doutrin\u00e1rios, al\u00e9m do preparo t\u00e9cnico na busca da excel\u00eancia para atua\u00e7\u00e3o no futuro posto comunit\u00e1rio. \u201cA Base Comunit\u00e1ria de Seguran\u00e7a chegar\u00e1 ao Baian\u00e3o com o objetivo de dar condi\u00e7\u00e3o digna de vida para os cidad\u00e3os de bem que vivem l\u00e1 e que s\u00e3o a grande maioria, promovendo respeito e prote\u00e7\u00e3o aos direitos humanos, mediando conflitos e trazendo um olhar mais sensibilizado\u201d, afirmou o sub-comandante da Pol\u00edcia Militar da Bahia, coronel Carlos Eleut\u00e9rio Filho, que fez a abertura oficial do treinamento.<\/p>\n<p>O prefeito de Porto Seguro, Gilberto Abade; o juiz do Juizado Especial, Rodrigo Bonatti; o comandante do 8\u00ba Batalh\u00e3o da Pol\u00edcia Militar, Alfredo Nascimento; o comandante da Cippa (Companhia Independente de Policiamento de Prote\u00e7\u00e3o Ambiental), Cl\u00e9ber Santos; e o delegado da Deltur (Delegacia de Prote\u00e7\u00e3o ao Turista), Ricardo Feitosa; tamb\u00e9m integraram a abertura do evento.<\/p>\n<p><strong>Seguran\u00e7a P\u00fablica come\u00e7a em casa<\/strong><\/p>\n<p>O prefeito Abade destacou em seu pronunciamento que a quest\u00e3o da seguran\u00e7a p\u00fablica come\u00e7a dentro de casa, n\u00e3o sendo uma responsabilidade \u00fanica das autoridades. \u201cCada fam\u00edlia tem a responsabilidade de proteger seu filho do crime organizado, \u00e9 assim que come\u00e7a o papel de cada um dentro da seguran\u00e7a p\u00fablica\u201d, afirmou, destacando seu agradecimento ao governo pela implanta\u00e7\u00e3o da Base Comunit\u00e1ria, que ser\u00e1 instalada em um bairro onde a criminalidade era quem ditava as regras.<\/p>\n<p>O comandante do 8\u00ba Batalh\u00e3o, Alfredo Nascimento, enfatizou que o projeto da Base Comunit\u00e1ria nasceu h\u00e1 praticamente um ano, quando criminosos praticaram atos de vandalismo na cidade, tendo uma resposta imediata da Pol\u00edcia. \u201cOs policiais devem ter orgulho de servir nesta base, pois iremos povoar o Baian\u00e3o com esta pacifica\u00e7\u00e3o\u201d, declarou.<\/p>\n<p>Para o juiz Rodrigo Bonatti, foi uma satisfa\u00e7\u00e3o fazer parte do evento que concretiza o in\u00edcio dos trabalhos da pacifica\u00e7\u00e3o do Baian\u00e3o. \u201cIsso demonstra a preocupa\u00e7\u00e3o das autoridades com nossa cidade, tornando o projeto da Base Comunit\u00e1ria uma realidade\u201d, afirmou.<\/p>\n<p>A Base Comunit\u00e1ria de Seguran\u00e7a do Baian\u00e3o ser\u00e1 inaugurada no in\u00edcio de 2013, em um pr\u00e9dio ao lado do Col\u00e9gio Paulo Souto, que est\u00e1 em constru\u00e7\u00e3o. Atualmente, na Bahia, existem 7 bases na capital, 1 na regi\u00e3o metropolitana e 2 no interior do estado.<\/p>\n<p>Tamb\u00e9m estiveram presentes ao evento os secret\u00e1rios municipais de Administra\u00e7\u00e3o, Lauro Set\u00fabal; Esportes, Roberto Lage; Turismo, Wilson Spagnol; Cultura, Cec\u00edlia Nakamura; e o chefe de gabinete, Jairo Moutinho, al\u00e9m do major Carlos Torres; do comandante da Aeron\u00e1utica, Alves Brito; da delegada da DEAM (Delegacia Especial de Atendimento \u00e0 Mulher), Viviane Scofield, e representantes do Senac, Veracel e Expresso Brasileiro.<\/p>\n","protected":false},"excerpt":{"rendered":"<p>Oitenta policiais militares participaram da aula inaugural do curso nacional de operador de policiamento comunit\u00e1rio, que teve in\u00edcio nesta segunda-feira, 03\/12, no audit\u00f3rio do Senac (Servi\u00e7o Nacional de Aprendizagem Comercial), em Porto Seguro. O treinamento visa prepara-los para atuar na Base Comunit\u00e1ria de Seguran\u00e7a, que ser\u00e1 instalada no bairro Baian\u00e3o, com o objetivo de pacificar [&hellip;]<\/p>\n","protected":false},"author":7,"featured_media":0,"comment_status":"closed","ping_status":"open","sticky":false,"template":"","format":"standard","meta":{"footnotes":""},"categories":[16],"tags":[290,291],"class_list":["post-1821","post","type-post","status-publish","format-standard","hentry","category-policial","tag-policia-militar-em-porto-seguro","tag-upp-baianao"],"_links":{"self":[{"href":"https:\/\/www.maisbn.com\/portal\/wp-json\/wp\/v2\/posts\/1821","targetHints":{"allow":["GET"]}}],"collection":[{"href":"https:\/\/www.maisbn.com\/portal\/wp-json\/wp\/v2\/posts"}],"about":[{"href":"https:\/\/www.maisbn.com\/portal\/wp-json\/wp\/v2\/types\/post"}],"author":[{"embeddable":true,"href":"https:\/\/www.maisbn.com\/portal\/wp-json\/wp\/v2\/users\/7"}],"replies":[{"embeddable":true,"href":"https:\/\/www.maisbn.com\/portal\/wp-json\/wp\/v2\/comments?post=1821"}],"version-history":[{"count":0,"href":"https:\/\/www.maisbn.com\/portal\/wp-json\/wp\/v2\/posts\/1821\/revisions"}],"wp:attachment":[{"href":"https:\/\/www.maisbn.com\/portal\/wp-json\/wp\/v2\/media?parent=1821"}],"wp:term":[{"taxonomy":"category","embeddable":true,"href":"https:\/\/www.maisbn.com\/portal\/wp-json\/wp\/v2\/categories?post=1821"},{"taxonomy":"post_tag","embeddable":true,"href":"https:\/\/www.maisbn.com\/portal\/wp-json\/wp\/v2\/tags?post=1821"}],"curies":[{"name":"wp","href":"https:\/\/api.w.org\/{rel}","templated":true}]}}