{"id":18190,"date":"2018-04-13T06:38:46","date_gmt":"2018-04-13T09:38:46","guid":{"rendered":"http:\/\/www.maisbn.com\/portal\/?p=18190"},"modified":"2018-04-13T06:40:05","modified_gmt":"2018-04-13T09:40:05","slug":"apos-tres-leiloes-governo-do-estado-vende-a-ebal-por-r15-milhoes","status":"publish","type":"post","link":"https:\/\/www.maisbn.com\/portal\/2018\/04\/apos-tres-leiloes-governo-do-estado-vende-a-ebal-por-r15-milhoes\/","title":{"rendered":"Ap\u00f3s tr\u00eas leil\u00f5es, Governo do Estado vende a EBAL por R$15 milh\u00f5es."},"content":{"rendered":"<div class=\"mc-column content-text active-extra-styles active-capital-letter\" data-block-type=\"unstyled\" data-block-weight=\"46\" data-block-id=\"2\">\n<p class=\"content-text__container theme-color-primary-first-letter\" data-track-category=\"Link no Texto\" data-track-links=\"\"><a href=\"http:\/\/www.maisbn.com\/portal\/wp-content\/uploads\/2016\/03\/ft_CestadoPovo_1979_inaug.jpg\"><img loading=\"lazy\" decoding=\"async\" class=\"aligncenter size-full wp-image-10508\" src=\"http:\/\/www.maisbn.com\/portal\/wp-content\/uploads\/2016\/03\/ft_CestadoPovo_1979_inaug.jpg\" alt=\"ft_CestadoPovo_1979_inaug\" width=\"530\" height=\"395\" \/><\/a><\/p>\n<p class=\"content-text__container theme-color-primary-first-letter\" data-track-category=\"Link no Texto\" data-track-links=\"\">A Empresa Baiana de Alimentos (Ebal) foi arrematada por R$15 milh\u00f5es em leil\u00e3o realizado na manh\u00e3 desta quarta-feira (11) na Secretaria de Desenvolvimento Econ\u00f4mico (SDE), no Centro Administrativo da Bahia, em Salvador. A informa\u00e7\u00e3o \u00e9 da assessoria do governo do estado, respons\u00e1vel pela venda da empresa. A estatal teve uma \u00fanica proposta dada pela NGV Empreendimentos e Participa\u00e7\u00f5es. Este foi o terceiro leil\u00e3o realizado, pois conforme o Estado, os dois primeiros leil\u00f5es n\u00e3o atra\u00edram participantes.<\/p>\n<p class=\"content-text__container theme-color-primary-first-letter\" data-track-category=\"Link no Texto\" data-track-links=\"\"><a href=\"http:\/\/www.maisbn.com\/portal\/wp-content\/uploads\/2018\/04\/cesta-do-povo_0.jpg\"><img loading=\"lazy\" decoding=\"async\" class=\"aligncenter size-full wp-image-18191\" src=\"http:\/\/www.maisbn.com\/portal\/wp-content\/uploads\/2018\/04\/cesta-do-povo_0.jpg\" alt=\"cesta-do-povo_0\" width=\"600\" height=\"420\" \/><\/a><\/p>\n<\/div>\n<div class=\"mc-column content-text active-extra-styles \" data-block-type=\"unstyled\" data-block-weight=\"60\" data-block-id=\"4\">\n<p class=\"content-text__container \" data-track-category=\"Link no Texto\" data-track-links=\"\">De acordo com o presidente da comiss\u00e3o constitu\u00edda para conduzir o processo de aliena\u00e7\u00e3o societ\u00e1ria da Ebal e chefe de gabinete da SDE, Luiz Gonzaga, a vencedora arremata a participa\u00e7\u00e3o acion\u00e1ria da empresa e os fundos de com\u00e9rcio relativos \u00e0s 49 lojas da Cesta do Povo, al\u00e9m do direito de explora\u00e7\u00e3o da marca Cesta do Povo e o Programa Credicesta. Gonzaga lembrou que o resultado precisar\u00e1 ser homologado, o que acontecer\u00e1 nos pr\u00f3ximos dias. Uma das condi\u00e7\u00f5es \u00e9 a manuten\u00e7\u00e3o significativa de postos de trabalho.<\/p>\n<\/div>\n<div data-track-category=\"fim do conteudo\" data-track-action=\"ultimo chunk conteudo\" data-track-noninteraction=\"false\" data-track-scroll=\"entrada completa viewport\">\n<div class=\"mc-column content-text active-extra-styles \" data-block-type=\"unstyled\" data-block-weight=\"25\" data-block-id=\"6\">\n<p class=\"content-text__container \" data-track-category=\"Link no Texto\" data-track-links=\"\">A NGV Empreendimentos e Participa\u00e7\u00f5es tem sede em S\u00e3o Paulo e \u00e9 liderada pelo investidor espanhol Ignacio Morales, que se associou ao baiano, Joel Feldaman.<\/p>\n<p class=\"content-text__container \" data-track-category=\"Link no Texto\" data-track-links=\"\"><em>Fonte: G1\/Bahia<\/em><\/p>\n<\/div>\n<\/div>\n","protected":false},"excerpt":{"rendered":"<p>A Empresa Baiana de Alimentos (Ebal) foi arrematada por R$15 milh\u00f5es em leil\u00e3o realizado na manh\u00e3 desta quarta-feira (11) na Secretaria de Desenvolvimento Econ\u00f4mico (SDE), no Centro Administrativo da Bahia, em Salvador. A informa\u00e7\u00e3o \u00e9 da assessoria do governo do estado, respons\u00e1vel pela venda da empresa. A estatal teve uma \u00fanica proposta dada pela NGV [&hellip;]<\/p>\n","protected":false},"author":7,"featured_media":18191,"comment_status":"open","ping_status":"open","sticky":false,"template":"","format":"standard","meta":{"footnotes":""},"categories":[20,1],"tags":[],"class_list":["post-18190","post","type-post","status-publish","format-standard","has-post-thumbnail","hentry","category-bahia","category-noticias"],"_links":{"self":[{"href":"https:\/\/www.maisbn.com\/portal\/wp-json\/wp\/v2\/posts\/18190","targetHints":{"allow":["GET"]}}],"collection":[{"href":"https:\/\/www.maisbn.com\/portal\/wp-json\/wp\/v2\/posts"}],"about":[{"href":"https:\/\/www.maisbn.com\/portal\/wp-json\/wp\/v2\/types\/post"}],"author":[{"embeddable":true,"href":"https:\/\/www.maisbn.com\/portal\/wp-json\/wp\/v2\/users\/7"}],"replies":[{"embeddable":true,"href":"https:\/\/www.maisbn.com\/portal\/wp-json\/wp\/v2\/comments?post=18190"}],"version-history":[{"count":3,"href":"https:\/\/www.maisbn.com\/portal\/wp-json\/wp\/v2\/posts\/18190\/revisions"}],"predecessor-version":[{"id":18194,"href":"https:\/\/www.maisbn.com\/portal\/wp-json\/wp\/v2\/posts\/18190\/revisions\/18194"}],"wp:featuredmedia":[{"embeddable":true,"href":"https:\/\/www.maisbn.com\/portal\/wp-json\/wp\/v2\/media\/18191"}],"wp:attachment":[{"href":"https:\/\/www.maisbn.com\/portal\/wp-json\/wp\/v2\/media?parent=18190"}],"wp:term":[{"taxonomy":"category","embeddable":true,"href":"https:\/\/www.maisbn.com\/portal\/wp-json\/wp\/v2\/categories?post=18190"},{"taxonomy":"post_tag","embeddable":true,"href":"https:\/\/www.maisbn.com\/portal\/wp-json\/wp\/v2\/tags?post=18190"}],"curies":[{"name":"wp","href":"https:\/\/api.w.org\/{rel}","templated":true}]}}