{"id":1812,"date":"2012-12-02T17:09:38","date_gmt":"2012-12-02T19:09:38","guid":{"rendered":"http:\/\/www.maisbn.com\/portal\/?p=1812"},"modified":"2012-12-02T17:09:38","modified_gmt":"2012-12-02T19:09:38","slug":"familia-magnavita-promove-encontro-nacional-em-salvador","status":"publish","type":"post","link":"https:\/\/www.maisbn.com\/portal\/2012\/12\/familia-magnavita-promove-encontro-nacional-em-salvador\/","title":{"rendered":"Fam\u00edlia Magnavita promove encontro nacional em Salvador"},"content":{"rendered":"<p><a href=\"http:\/\/www.maisbn.com\/portal\/wp-content\/uploads\/2012\/12\/30-11-2012_25.jpg\"><img loading=\"lazy\" decoding=\"async\" class=\"alignleft  wp-image-1813\" title=\"30-11-2012_25\" src=\"http:\/\/www.maisbn.com\/portal\/wp-content\/uploads\/2012\/12\/30-11-2012_25.jpg\" alt=\"\" width=\"456\" height=\"204\" srcset=\"https:\/\/www.maisbn.com\/portal\/wp-content\/uploads\/2012\/12\/30-11-2012_25.jpg 760w, https:\/\/www.maisbn.com\/portal\/wp-content\/uploads\/2012\/12\/30-11-2012_25-700x313.jpg 700w, https:\/\/www.maisbn.com\/portal\/wp-content\/uploads\/2012\/12\/30-11-2012_25-500x223.jpg 500w\" sizes=\"auto, (max-width: 456px) 100vw, 456px\" \/><\/a>Ser\u00e1 dia 8 de dezembro, um s\u00e1bado, na capital baiana, o I Encontro Nacional da Fam\u00edlia Magnavita, a se realizar na Associa\u00e7\u00e3o dos Supermercados, no bairro Arma\u00e7\u00e3o, a partir das 10 horas.<\/p>\n<p>Sobre a imigra\u00e7\u00e3o italiana dos Magnavita, que est\u00e1 fazendo 150 anos, Fred Nogueira editou recentemente o livro \u201cMagnavita \u2013 Italianos na boa terra\u201d, com uma pesquisa sobre genealogia que ele fez durante 5 anos no Brasil e no exterior.<\/p>\n<p>Segundo ele, estima-se que mais de 500 descendentes dos imigrantes vivam hoje s\u00f3 na Bahia, em Canavieiras, Belmonte, Itapebi e Salvador, entre muitas outras cidades.<\/p>\n<p>O encontro em Salvador ter\u00e1 m\u00fasica folcl\u00f3rica italiana, almo\u00e7o de confraterniza\u00e7\u00e3o e homenagem aos membros mais idosos, entre outras atra\u00e7\u00f5es. Contatos: Fred Nogueira: 71-3359-7561 e 9984-0739.<\/p>\n","protected":false},"excerpt":{"rendered":"<p>Ser\u00e1 dia 8 de dezembro, um s\u00e1bado, na capital baiana, o I Encontro Nacional da Fam\u00edlia Magnavita, a se realizar na Associa\u00e7\u00e3o dos Supermercados, no bairro Arma\u00e7\u00e3o, a partir das 10 horas. Sobre a imigra\u00e7\u00e3o italiana dos Magnavita, que est\u00e1 fazendo 150 anos, Fred Nogueira editou recentemente o livro \u201cMagnavita \u2013 Italianos na boa terra\u201d, [&hellip;]<\/p>\n","protected":false},"author":1,"featured_media":0,"comment_status":"closed","ping_status":"open","sticky":false,"template":"","format":"standard","meta":{"footnotes":""},"categories":[20,1],"tags":[],"class_list":["post-1812","post","type-post","status-publish","format-standard","hentry","category-bahia","category-noticias"],"_links":{"self":[{"href":"https:\/\/www.maisbn.com\/portal\/wp-json\/wp\/v2\/posts\/1812","targetHints":{"allow":["GET"]}}],"collection":[{"href":"https:\/\/www.maisbn.com\/portal\/wp-json\/wp\/v2\/posts"}],"about":[{"href":"https:\/\/www.maisbn.com\/portal\/wp-json\/wp\/v2\/types\/post"}],"author":[{"embeddable":true,"href":"https:\/\/www.maisbn.com\/portal\/wp-json\/wp\/v2\/users\/1"}],"replies":[{"embeddable":true,"href":"https:\/\/www.maisbn.com\/portal\/wp-json\/wp\/v2\/comments?post=1812"}],"version-history":[{"count":0,"href":"https:\/\/www.maisbn.com\/portal\/wp-json\/wp\/v2\/posts\/1812\/revisions"}],"wp:attachment":[{"href":"https:\/\/www.maisbn.com\/portal\/wp-json\/wp\/v2\/media?parent=1812"}],"wp:term":[{"taxonomy":"category","embeddable":true,"href":"https:\/\/www.maisbn.com\/portal\/wp-json\/wp\/v2\/categories?post=1812"},{"taxonomy":"post_tag","embeddable":true,"href":"https:\/\/www.maisbn.com\/portal\/wp-json\/wp\/v2\/tags?post=1812"}],"curies":[{"name":"wp","href":"https:\/\/api.w.org\/{rel}","templated":true}]}}