{"id":18063,"date":"2018-03-29T19:41:56","date_gmt":"2018-03-29T22:41:56","guid":{"rendered":"http:\/\/www.maisbn.com\/portal\/?p=18063"},"modified":"2018-03-29T23:04:52","modified_gmt":"2018-03-30T02:04:52","slug":"policiamento-ostensivo-e-iniciado-no-povoado-de-boca-do-corrego","status":"publish","type":"post","link":"https:\/\/www.maisbn.com\/portal\/2018\/03\/policiamento-ostensivo-e-iniciado-no-povoado-de-boca-do-corrego\/","title":{"rendered":"Policiamento Ostensivo \u00e9 iniciado no povoado de Boca do C\u00f3rrego."},"content":{"rendered":"<p>A cerim\u00f4nia que marcaria a entrega de uma viatura, de uma motocicleta e o in\u00edcio do policiamento em Boca do C\u00f3rrego que aconteceria na manh\u00e3 dessa quinta-feira (29\/03) foi cancelada por causa da grande chuva que caiu nessa quarta-feira (28\/03) e da previs\u00e3o de mau tempo em toda a regi\u00e3o. Mesmo com o contratempo, as opera\u00e7\u00f5es policiais foram iniciadas e o povoado j\u00e1 contou com a presen\u00e7a da Pol\u00edcia Militar nas ruas.<\/p>\n<div id=\"attachment_18064\" style=\"width: 611px\" class=\"wp-caption aligncenter\"><a href=\"http:\/\/www.maisbn.com\/portal\/wp-content\/uploads\/2018\/03\/WhatsApp-Image-2018-03-29-at-8.02.11-AM.jpeg\"><img loading=\"lazy\" decoding=\"async\" aria-describedby=\"caption-attachment-18064\" class=\"wp-image-18064\" src=\"http:\/\/www.maisbn.com\/portal\/wp-content\/uploads\/2018\/03\/WhatsApp-Image-2018-03-29-at-8.02.11-AM-1000x563.jpeg\" alt=\"WhatsApp Image 2018-03-29 at 8.02.11 AM\" width=\"601\" height=\"338\" srcset=\"https:\/\/www.maisbn.com\/portal\/wp-content\/uploads\/2018\/03\/WhatsApp-Image-2018-03-29-at-8.02.11-AM-1000x563.jpeg 1000w, https:\/\/www.maisbn.com\/portal\/wp-content\/uploads\/2018\/03\/WhatsApp-Image-2018-03-29-at-8.02.11-AM.jpeg 1280w\" sizes=\"auto, (max-width: 601px) 100vw, 601px\" \/><\/a><p id=\"caption-attachment-18064\" class=\"wp-caption-text\">Viatura que ser\u00e1 no policiamento em Boca do C\u00f3rrego.<\/p><\/div>\n<p>A viatura e a motocicleta conseguidas atrav\u00e9s de uma parceria fechada entre a Policia Militar e a Prefeitura Municipal de Belmonte j\u00e1 foram usadas hoje. Tamb\u00e9m j\u00e1 come\u00e7ou a vigorar a escala de policiais que estar\u00e3o sendo usados no policiamento. Capit\u00e3o Neri, comandante da Pol\u00edcia Militar em Belmonte, informou que a corpora\u00e7\u00e3o tem interesse em inciar o patrulhamento imediatamente e promover a paz social na regi\u00e3o com o combate ostensivo da criminalidade. O oficial ainda colocou que a entrega dos ve\u00edculos e o efetivo policial empregado \u00e9 apenas a primeira parte das a\u00e7\u00f5es previstas para a regi\u00e3o. <strong>&#8220;O meu objetivo e o objetivo do Major Fran\u00e7a, comandante do 8\u00ba Batalh\u00e3o, \u00e9 desenvolver a\u00e7\u00f5es efetivas para coibir a ocorr\u00eancia de delitos. Todos os recursos dispon\u00edveis est\u00e3o sendo empregados e a parceria com o Prefeito Janival Borges e o Deputado Estadual J\u00e2nio Natal ser\u00e1 importante nesse processo que trar\u00e1 tranquilidade para as comunidades de Santa Maria e Boca do C\u00f3rrego.&#8221;<\/strong> &#8211; Comentou o comandante do policiamento em Belmonte.<\/p>\n<div id=\"attachment_18065\" style=\"width: 609px\" class=\"wp-caption aligncenter\"><a href=\"http:\/\/www.maisbn.com\/portal\/wp-content\/uploads\/2018\/03\/WhatsApp-Image-2018-03-29-at-8.02.11-AM-1.jpeg\"><img loading=\"lazy\" decoding=\"async\" aria-describedby=\"caption-attachment-18065\" class=\"wp-image-18065\" src=\"http:\/\/www.maisbn.com\/portal\/wp-content\/uploads\/2018\/03\/WhatsApp-Image-2018-03-29-at-8.02.11-AM-1-1000x563.jpeg\" alt=\"WhatsApp Image 2018-03-29 at 8.02.11 AM (1)\" width=\"599\" height=\"337\" srcset=\"https:\/\/www.maisbn.com\/portal\/wp-content\/uploads\/2018\/03\/WhatsApp-Image-2018-03-29-at-8.02.11-AM-1-1000x563.jpeg 1000w, https:\/\/www.maisbn.com\/portal\/wp-content\/uploads\/2018\/03\/WhatsApp-Image-2018-03-29-at-8.02.11-AM-1.jpeg 1280w\" sizes=\"auto, (max-width: 599px) 100vw, 599px\" \/><\/a><p id=\"caption-attachment-18065\" class=\"wp-caption-text\">Motocicleta que ser\u00e1 usada no policiamento em Boca do C\u00f3rrego.<\/p><\/div>\n<p>O Prefeito Janival Borges tamb\u00e9m conversou com nossa equipe e garantiu que foi preparada toda a infraestrutura para receber os policiais que prestar\u00e3o servi\u00e7o em Boca do C\u00f3rrego e Santa Maria Eterna. O gestor tamb\u00e9m colocou que o munic\u00edpio \u00e9 parceiro das for\u00e7as de seguran\u00e7a na luta contra a criminalidade. <strong>&#8220;O policiamento apresentado para Santa Maria e Boca do C\u00f3rrego ainda n\u00e3o \u00e9 o ideal, mas estamos avan\u00e7ando aos poucos. O meu objetivo \u00e9 conseguir efetivo para que o patrulhamento aconte\u00e7a de forma ininterrupta, para isso, estamos pensando em uma proposta especial que ser\u00e1 oferecida aos policiais que aceitarem residir na localidade para serem empregados no policiamento ostensivo di\u00e1rio.&#8221;<\/strong> &#8211; Informou o Prefeito.<\/p>\n<p>&nbsp;<\/p>\n","protected":false},"excerpt":{"rendered":"<p>A cerim\u00f4nia que marcaria a entrega de uma viatura, de uma motocicleta e o in\u00edcio do policiamento em Boca do C\u00f3rrego que aconteceria na manh\u00e3 dessa quinta-feira (29\/03) foi cancelada por causa da grande chuva que caiu nessa quarta-feira (28\/03) e da previs\u00e3o de mau tempo em toda a regi\u00e3o. Mesmo com o contratempo, as [&hellip;]<\/p>\n","protected":false},"author":7,"featured_media":18070,"comment_status":"open","ping_status":"open","sticky":false,"template":"","format":"standard","meta":{"footnotes":""},"categories":[1,16],"tags":[],"class_list":["post-18063","post","type-post","status-publish","format-standard","has-post-thumbnail","hentry","category-noticias","category-policial"],"_links":{"self":[{"href":"https:\/\/www.maisbn.com\/portal\/wp-json\/wp\/v2\/posts\/18063","targetHints":{"allow":["GET"]}}],"collection":[{"href":"https:\/\/www.maisbn.com\/portal\/wp-json\/wp\/v2\/posts"}],"about":[{"href":"https:\/\/www.maisbn.com\/portal\/wp-json\/wp\/v2\/types\/post"}],"author":[{"embeddable":true,"href":"https:\/\/www.maisbn.com\/portal\/wp-json\/wp\/v2\/users\/7"}],"replies":[{"embeddable":true,"href":"https:\/\/www.maisbn.com\/portal\/wp-json\/wp\/v2\/comments?post=18063"}],"version-history":[{"count":3,"href":"https:\/\/www.maisbn.com\/portal\/wp-json\/wp\/v2\/posts\/18063\/revisions"}],"predecessor-version":[{"id":18083,"href":"https:\/\/www.maisbn.com\/portal\/wp-json\/wp\/v2\/posts\/18063\/revisions\/18083"}],"wp:featuredmedia":[{"embeddable":true,"href":"https:\/\/www.maisbn.com\/portal\/wp-json\/wp\/v2\/media\/18070"}],"wp:attachment":[{"href":"https:\/\/www.maisbn.com\/portal\/wp-json\/wp\/v2\/media?parent=18063"}],"wp:term":[{"taxonomy":"category","embeddable":true,"href":"https:\/\/www.maisbn.com\/portal\/wp-json\/wp\/v2\/categories?post=18063"},{"taxonomy":"post_tag","embeddable":true,"href":"https:\/\/www.maisbn.com\/portal\/wp-json\/wp\/v2\/tags?post=18063"}],"curies":[{"name":"wp","href":"https:\/\/api.w.org\/{rel}","templated":true}]}}