{"id":18057,"date":"2018-03-29T07:13:31","date_gmt":"2018-03-29T10:13:31","guid":{"rendered":"http:\/\/www.maisbn.com\/portal\/?p=18057"},"modified":"2018-03-29T07:13:31","modified_gmt":"2018-03-29T10:13:31","slug":"escola-acm-em-barrolandia-realiza-conferencia-sobre-a-preservacao-e-cuidados-com-a-agua","status":"publish","type":"post","link":"https:\/\/www.maisbn.com\/portal\/2018\/03\/escola-acm-em-barrolandia-realiza-conferencia-sobre-a-preservacao-e-cuidados-com-a-agua\/","title":{"rendered":"Escola ACM em Barrol\u00e2ndia realiza confer\u00eancia sobre a preserva\u00e7\u00e3o e cuidados com a \u00e1gua."},"content":{"rendered":"<p>Estudantes e professores da Escola Ant\u00f4nio Carlos Magalh\u00e3es participaram nesta ter\u00e7a-feira (27\/03) em Barrol\u00e2ndia da confer\u00eancia \u201cAs\u00a0<em><strong>Escolas da Bahia<\/strong><\/em>\u00a0cuidando das\u00a0<em><strong>\u00c1guas<\/strong><\/em>\u201d. O evento, que est\u00e1 acontecendo em algumas unidades escolares municipais, tem como objetivo promover a ampla discuss\u00e3o sobre o assunto entre os jovens e trazer id\u00e9ias e a\u00e7\u00f5es que contribuam para o desenvolvimento sustent\u00e1vel nas escolas, comunidades, munic\u00edpios e territ\u00f3rios do estado.<\/p>\n<p><a href=\"http:\/\/www.maisbn.com\/portal\/wp-content\/uploads\/2018\/03\/conferenciaagura00027.jpg\"><img loading=\"lazy\" decoding=\"async\" class=\"aligncenter  wp-image-18058\" src=\"http:\/\/www.maisbn.com\/portal\/wp-content\/uploads\/2018\/03\/conferenciaagura00027.jpg\" alt=\"conferenciaagura00027\" width=\"600\" height=\"385\" \/><\/a><\/p>\n<p>A Escola escolheu como tema para o debates as &#8220;\u00c1guas do C\u00f3rrego de Ouro&#8221;. Localizado na divisa entre Barrol\u00e2ndia e Ponto Central, o manancial \u00e9 uma importante fonte de capta\u00e7\u00e3o de \u00e1gua para a comunidade de Barrol\u00e2ndia. Durante as discuss\u00f5es sobre o tema foi proposta uma reflex\u00e3o e a promo\u00e7\u00e3o do desenvolvimento de estudos e pesquisas. Tamb\u00e9m foram debatidos projetos e a\u00e7\u00f5es no contexto da tem\u00e1tica socioambiental considerando os desafios e alternativas para escola e todo o seu entorno.<\/p>\n<p><a href=\"http:\/\/www.maisbn.com\/portal\/wp-content\/uploads\/2018\/03\/conferenciaagura00019.jpg\"><img loading=\"lazy\" decoding=\"async\" class=\"aligncenter  wp-image-18059\" src=\"http:\/\/www.maisbn.com\/portal\/wp-content\/uploads\/2018\/03\/conferenciaagura00019.jpg\" alt=\"conferenciaagura00019\" width=\"605\" height=\"388\" \/><\/a><\/p>\n<p>A abertura da confer\u00eancia teve a Coordenadora Joceni Figueiredo, que conduziu brilhantemente o evento apresentando os palestrantes e os trabalhos dos estudantes.\u00a0<strong><em>\u201cNosso projeto pretende tornar a escola mais sustent\u00e1vel e os nossos alunos, mais conscientes; que eles n\u00e3o saibam apenas o que ocorre, mas os efeitos danosos que os homens causam ao meio ambiente. \u00c9 importante que eles saibam multiplicar o que est\u00e3o apreendendo\u201d<\/em><\/strong>, disse o diretor da escola, Derisvan. O empres\u00e1rio Flavielle de S\u00e1 participou do evento e ressaltou a import\u00e2ncia da conscientiza\u00e7\u00e3o de todos com rela\u00e7\u00e3o ao uso sustent\u00e1vel dos recursos h\u00eddricos. <strong><em>\u201cQuando pensamos na falta d\u2019\u00e1gua, a primeira coisa que nos v\u00eam \u00e0 cabe\u00e7a \u00e9 a sede, \u00e9 o nosso particular, mas n\u00e3o percebemos que sem \u00e1gua, a sociedade n\u00e3o funciona. Tudo que nos rodeia precisa em algum momento de \u00e1gua para funcionar, o mundo todo \u00e9 afetado pela falta dela\u201d,\u00a0<\/em><\/strong>Colocou o empres\u00e1rio.<\/p>\n<p><a href=\"http:\/\/www.maisbn.com\/portal\/wp-content\/uploads\/2018\/03\/41.jpg\"><img loading=\"lazy\" decoding=\"async\" class=\"aligncenter  wp-image-18060\" src=\"http:\/\/www.maisbn.com\/portal\/wp-content\/uploads\/2018\/03\/41.jpg\" alt=\"41\" width=\"600\" height=\"376\" \/><\/a><\/p>\n<p>O Secret\u00e1rio Municipal de Educa\u00e7\u00e3o, Paulo Carvalho, falou da import\u00e2ncia\u00a0 da participa\u00e7\u00e3o das escolas no processo. <strong><em>\u201cJ\u00e1 come\u00e7amos com esta mobiliza\u00e7\u00e3o nas escolas para que todos se apropriem das informa\u00e7\u00f5es e, consequentemente, comecem a promover essa discuss\u00e3o, levar esse di\u00e1logo para o curr\u00edculo escolar, envolvendo os estudantes para que eles possam elaborar projetos de a\u00e7\u00e3o sobre a conserva\u00e7\u00e3o dos recursos h\u00eddricos em nosso Estado, levando-se em considera\u00e7\u00e3o, principalmente, a realidade local\u201d<\/em><\/strong>, explicou,<\/p>\n<p><a href=\"http:\/\/www.maisbn.com\/portal\/wp-content\/uploads\/2018\/03\/mosaico_conferenciaagua.jpg\"><img loading=\"lazy\" decoding=\"async\" class=\"aligncenter  wp-image-18061\" src=\"http:\/\/www.maisbn.com\/portal\/wp-content\/uploads\/2018\/03\/mosaico_conferenciaagua.jpg\" alt=\"mosaico_conferenciaagua\" width=\"600\" height=\"386\" \/><\/a><\/p>\n<p>O evento contou com a participa\u00e7\u00e3o de moradores, empres\u00e1rios, comerciantes, dos vereadores Armando e Keke, Robson(representando a EMBASA), Igor Suzart(PLB) e representante da Prefeitura Municipal de Belmonte.<\/p>\n","protected":false},"excerpt":{"rendered":"<p>Estudantes e professores da Escola Ant\u00f4nio Carlos Magalh\u00e3es participaram nesta ter\u00e7a-feira (27\/03) em Barrol\u00e2ndia da confer\u00eancia \u201cAs\u00a0Escolas da Bahia\u00a0cuidando das\u00a0\u00c1guas\u201d. O evento, que est\u00e1 acontecendo em algumas unidades escolares municipais, tem como objetivo promover a ampla discuss\u00e3o sobre o assunto entre os jovens e trazer id\u00e9ias e a\u00e7\u00f5es que contribuam para o desenvolvimento sustent\u00e1vel nas [&hellip;]<\/p>\n","protected":false},"author":7,"featured_media":18058,"comment_status":"open","ping_status":"open","sticky":false,"template":"","format":"standard","meta":{"footnotes":""},"categories":[8,1],"tags":[],"class_list":["post-18057","post","type-post","status-publish","format-standard","has-post-thumbnail","hentry","category-educacao","category-noticias"],"_links":{"self":[{"href":"https:\/\/www.maisbn.com\/portal\/wp-json\/wp\/v2\/posts\/18057","targetHints":{"allow":["GET"]}}],"collection":[{"href":"https:\/\/www.maisbn.com\/portal\/wp-json\/wp\/v2\/posts"}],"about":[{"href":"https:\/\/www.maisbn.com\/portal\/wp-json\/wp\/v2\/types\/post"}],"author":[{"embeddable":true,"href":"https:\/\/www.maisbn.com\/portal\/wp-json\/wp\/v2\/users\/7"}],"replies":[{"embeddable":true,"href":"https:\/\/www.maisbn.com\/portal\/wp-json\/wp\/v2\/comments?post=18057"}],"version-history":[{"count":1,"href":"https:\/\/www.maisbn.com\/portal\/wp-json\/wp\/v2\/posts\/18057\/revisions"}],"predecessor-version":[{"id":18062,"href":"https:\/\/www.maisbn.com\/portal\/wp-json\/wp\/v2\/posts\/18057\/revisions\/18062"}],"wp:featuredmedia":[{"embeddable":true,"href":"https:\/\/www.maisbn.com\/portal\/wp-json\/wp\/v2\/media\/18058"}],"wp:attachment":[{"href":"https:\/\/www.maisbn.com\/portal\/wp-json\/wp\/v2\/media?parent=18057"}],"wp:term":[{"taxonomy":"category","embeddable":true,"href":"https:\/\/www.maisbn.com\/portal\/wp-json\/wp\/v2\/categories?post=18057"},{"taxonomy":"post_tag","embeddable":true,"href":"https:\/\/www.maisbn.com\/portal\/wp-json\/wp\/v2\/tags?post=18057"}],"curies":[{"name":"wp","href":"https:\/\/api.w.org\/{rel}","templated":true}]}}