{"id":18037,"date":"2018-03-25T09:52:21","date_gmt":"2018-03-25T12:52:21","guid":{"rendered":"http:\/\/www.maisbn.com\/portal\/?p=18037"},"modified":"2018-03-25T09:52:21","modified_gmt":"2018-03-25T12:52:21","slug":"justica-obriga-embasa-a-cobrar-apenas-pelo-valor-consumido-nas-contas-de-agua","status":"publish","type":"post","link":"https:\/\/www.maisbn.com\/portal\/2018\/03\/justica-obriga-embasa-a-cobrar-apenas-pelo-valor-consumido-nas-contas-de-agua\/","title":{"rendered":"Justi\u00e7a obriga Embasa a cobrar apenas pelo valor consumido nas contas de \u00e1gua."},"content":{"rendered":"<p><a href=\"http:\/\/www.maisbn.com\/portal\/wp-content\/uploads\/2018\/03\/embasaconta.jpg\"><img loading=\"lazy\" decoding=\"async\" class=\"aligncenter  wp-image-18038\" src=\"http:\/\/www.maisbn.com\/portal\/wp-content\/uploads\/2018\/03\/embasaconta.jpg\" alt=\"embasaconta\" width=\"599\" height=\"385\" \/><\/a><\/p>\n<p>A pedido do Minist\u00e9rio P\u00fablico da Bahia (MP-BA), a Justi\u00e7a determinou que a Embasa cobre nas contas de \u00e1gua apenas pelo valor consumido. A Justi\u00e7a tamb\u00e9m determinou que, nos casos em que os consumidores paguem a tarifa m\u00ednima, a cobran\u00e7a seja feita pelos dias em que a \u00e1gua foi fornecida.<\/p>\n<p>A promotora de Justi\u00e7a Ana Paula Limoeiro, autora da a\u00e7\u00e3o civil, afirmou que o MP constatou a descontinuidade do servi\u00e7o essencial \u00e0 popula\u00e7\u00e3o em Salvador, Regi\u00e3o Metropolitana e alguns locais do interior, sem que a mesma fosse notificada com anteced\u00eancia. <strong><em>\u201cAl\u00e9m disso, constatamos que a cobran\u00e7a integral do valor da \u00e1gua ocorria mesmo quando n\u00e3o havia presta\u00e7\u00e3o do servi\u00e7o e a press\u00e3o da \u00e1gua n\u00e3o estava dentro dos valores estabelecidos pela Ag\u00eancia Reguladora de Saneamento B\u00e1sico do Estado da Bahia\u201d<\/em><\/strong>, afirmou a promotora de Justi\u00e7a.<\/p>\n<p>Na decis\u00e3o, a ju\u00edza Ana Cl\u00e1udia Silva Mesquita, determinou ainda que, em caso de falta de \u00e1gua por per\u00edodo superior a 24h, a Embasa promova o abastecimento atrav\u00e9s de carro pipa para as localidades atingidas e informe, atrav\u00e9s de r\u00e1dio, televis\u00e3o e jornal, aos consumidores sobre a data em que se dar\u00e1 a suspens\u00e3o ou interrup\u00e7\u00e3o do fornecimento da \u00e1gua, indicando ainda quanto tempo ser\u00e1 necess\u00e1rio para o reparo t\u00e9cnico. \u201c<strong><em>Observa-se que falta um planejamento rigoroso quanto a manuten\u00e7\u00e3o da estrutura necess\u00e1ria para a distribui\u00e7\u00e3o da \u00e1gua de modo cont\u00ednuo aos consumidores, com uma programa\u00e7\u00e3o de longo prazo das interven\u00e7\u00f5es que podem vir a demandar a interrup\u00e7\u00e3o do servi\u00e7o dentro de um par\u00e2metro m\u00ednimo estritamente necess\u00e1rio\u201d<\/em><\/strong>, destacou a promotora de Justi\u00e7a.<\/p>\n<p>Fonte: Bahia Not\u00edcias<\/p>\n","protected":false},"excerpt":{"rendered":"<p>A pedido do Minist\u00e9rio P\u00fablico da Bahia (MP-BA), a Justi\u00e7a determinou que a Embasa cobre nas contas de \u00e1gua apenas pelo valor consumido. A Justi\u00e7a tamb\u00e9m determinou que, nos casos em que os consumidores paguem a tarifa m\u00ednima, a cobran\u00e7a seja feita pelos dias em que a \u00e1gua foi fornecida. A promotora de Justi\u00e7a Ana [&hellip;]<\/p>\n","protected":false},"author":7,"featured_media":18038,"comment_status":"open","ping_status":"open","sticky":false,"template":"","format":"standard","meta":{"footnotes":""},"categories":[20,1],"tags":[],"class_list":["post-18037","post","type-post","status-publish","format-standard","has-post-thumbnail","hentry","category-bahia","category-noticias"],"_links":{"self":[{"href":"https:\/\/www.maisbn.com\/portal\/wp-json\/wp\/v2\/posts\/18037","targetHints":{"allow":["GET"]}}],"collection":[{"href":"https:\/\/www.maisbn.com\/portal\/wp-json\/wp\/v2\/posts"}],"about":[{"href":"https:\/\/www.maisbn.com\/portal\/wp-json\/wp\/v2\/types\/post"}],"author":[{"embeddable":true,"href":"https:\/\/www.maisbn.com\/portal\/wp-json\/wp\/v2\/users\/7"}],"replies":[{"embeddable":true,"href":"https:\/\/www.maisbn.com\/portal\/wp-json\/wp\/v2\/comments?post=18037"}],"version-history":[{"count":1,"href":"https:\/\/www.maisbn.com\/portal\/wp-json\/wp\/v2\/posts\/18037\/revisions"}],"predecessor-version":[{"id":18039,"href":"https:\/\/www.maisbn.com\/portal\/wp-json\/wp\/v2\/posts\/18037\/revisions\/18039"}],"wp:featuredmedia":[{"embeddable":true,"href":"https:\/\/www.maisbn.com\/portal\/wp-json\/wp\/v2\/media\/18038"}],"wp:attachment":[{"href":"https:\/\/www.maisbn.com\/portal\/wp-json\/wp\/v2\/media?parent=18037"}],"wp:term":[{"taxonomy":"category","embeddable":true,"href":"https:\/\/www.maisbn.com\/portal\/wp-json\/wp\/v2\/categories?post=18037"},{"taxonomy":"post_tag","embeddable":true,"href":"https:\/\/www.maisbn.com\/portal\/wp-json\/wp\/v2\/tags?post=18037"}],"curies":[{"name":"wp","href":"https:\/\/api.w.org\/{rel}","templated":true}]}}