{"id":17981,"date":"2018-03-21T10:40:12","date_gmt":"2018-03-21T13:40:12","guid":{"rendered":"http:\/\/www.maisbn.com\/portal\/?p=17981"},"modified":"2018-03-21T10:40:12","modified_gmt":"2018-03-21T13:40:12","slug":"autoridades-policiais-participam-de-audiencia-sobre-seguranca-publica-na-camara-de-vereadores-de-belmonte","status":"publish","type":"post","link":"https:\/\/www.maisbn.com\/portal\/2018\/03\/autoridades-policiais-participam-de-audiencia-sobre-seguranca-publica-na-camara-de-vereadores-de-belmonte\/","title":{"rendered":"Autoridades policiais participam de audi\u00eancia sobre seguran\u00e7a p\u00fablica na C\u00e2mara de Vereadores de Belmonte."},"content":{"rendered":"<p><a href=\"http:\/\/www.maisbn.com\/portal\/wp-content\/uploads\/2018\/03\/IMG-20180319-WA0366.jpg\"><img loading=\"lazy\" decoding=\"async\" class=\"aligncenter  wp-image-17994\" src=\"http:\/\/www.maisbn.com\/portal\/wp-content\/uploads\/2018\/03\/IMG-20180319-WA0366.jpg\" alt=\"IMG-20180319-WA0366\" width=\"600\" height=\"380\" \/><\/a><\/p>\n<p>A C\u00e2mara de Vereadores de Belmonte realizou nessa segunda-feira (19\/03) uma audi\u00eancia p\u00fablica para se discutir assuntos relacionados \u00e0 seguran\u00e7a do munic\u00edpio. Participaram como convidados para o evento o Capit\u00e3o Neri, comandante da 5\u00aa CIA\/Belmonte e o Delegado Titular da cidade, Dr. Wendel Ferreira.<\/p>\n<p><a href=\"http:\/\/www.maisbn.com\/portal\/wp-content\/uploads\/2018\/03\/capitaoneriaudiencia01.jpeg\"><img loading=\"lazy\" decoding=\"async\" class=\"aligncenter wp-image-17984\" src=\"http:\/\/www.maisbn.com\/portal\/wp-content\/uploads\/2018\/03\/capitaoneriaudiencia01.jpeg\" alt=\"capitaoneriaudiencia01\" width=\"600\" height=\"380\" \/><\/a><\/p>\n<p>A abertura da audi\u00eancia foi realizada pelo Capit\u00e3o Neri que ressaltou de imediato os esfor\u00e7os empregados pelo Prefeito Janival Borges no \u00e2mbito da Seguran\u00e7a P\u00fablica. O oficial informou que a primeira medida tomada pelo gestor foi a sua vinda para residir na cidade, j\u00e1 que, o mesmo percebeu que Belmonte necessitava de um comandante voltado exclusivamente para as necessidades do munic\u00edpio. <strong><em>&#8220;Eu estou morando aqui e estou come\u00e7ando a manter contato com toda a comunidade. \u00c9 importante o comandante viver o dia-a-dia da cidade para saber dimensionar e direcionar o policiamento para o melhor atendimento das demandas. O prefeito me deu condi\u00e7\u00f5es, estrutura e me fez o convite. Eu conversei com o comandante do Batalh\u00e3o, ele autorizou e eu vim morar em Belmonte&#8221;<\/em><\/strong> &#8211; Informou o comandante.<\/p>\n<p><iframe loading=\"lazy\" src=\"https:\/\/www.youtube.com\/embed\/WAOdQmB8TLo\" width=\"560\" height=\"315\" frameborder=\"0\" allowfullscreen=\"allowfullscreen\"><\/iframe><\/p>\n<p>Capit\u00e3o Neri ainda comentou as conquistas do policiamento de Belmonte que j\u00e1 est\u00e1 com o efetivo refor\u00e7ado nos finais de semana onde a atividade principal \u00e9 a abordagem a bares e lugares de grande aglomera\u00e7\u00e3o. Tamb\u00e9m est\u00e3o acontecendo blitz di\u00e1rias em todos os cantos da cidade.O comandante tamb\u00e9m ressaltou que o policiamento tamb\u00e9m est\u00e1 sendo refor\u00e7ado em Barrol\u00e2ndia e que a situa\u00e7\u00e3o de Boca do C\u00f3rrego j\u00e1 est\u00e1 sendo resolvida com o aumento da cobertura da Pol\u00edcia Militar. <strong><em>&#8220;O comandante do 8\u00ba Batalh\u00e3o, o Major Fran\u00e7a, j\u00e1 disponibilizou a motocicleta que ser\u00e1 empregada e as horas extras a serem pagas aos policiais que ir\u00e3o atuar em Boca do C\u00f3rrego. Estamos esperando a sinaliza\u00e7\u00e3o do Prefeito com rela\u00e7\u00e3o \u00e0 estrutura de alimenta\u00e7\u00e3o, transporte e um local de apoio para os policiais usarem durante o servi\u00e7o.&#8221;<\/em><\/strong> &#8211; Colocou o Capit\u00e3o Neri em seu pronunciamento.<\/p>\n<p><a href=\"http:\/\/www.maisbn.com\/portal\/wp-content\/uploads\/2018\/03\/WhatsApp-Image-2018-03-19-at-10.44.39-PM.jpeg\"><img loading=\"lazy\" decoding=\"async\" class=\"aligncenter wp-image-17985\" src=\"http:\/\/www.maisbn.com\/portal\/wp-content\/uploads\/2018\/03\/WhatsApp-Image-2018-03-19-at-10.44.39-PM.jpeg\" alt=\"WhatsApp Image 2018-03-19 at 10.44.39 PM\" width=\"600\" height=\"380\" \/><\/a><\/p>\n<p>Ao final a palavra foi franqueada ao Dr. Wendel Ferreira, Delegado Titular de Belmonte, onde ele lamentou o fato de grande parte da comunidade n\u00e3o estar presente para debater um tema t\u00e3o importante que \u00e9 a Seguran\u00e7a P\u00fablica de Belmonte. O Delegado tamb\u00e9m ressaltou a import\u00e2ncia da instala\u00e7\u00e3o da Guarda Municipal, j\u00e1 que, seria mais uma for\u00e7a de seguran\u00e7a a auxiliar as policias civil e militar. O\u00a0Delegado que ainda enfatizou a import\u00e2ncia de se criar um Conselho Municipal de Seguran\u00e7a com a participa\u00e7\u00e3o de pessoas de bem com o objetivo de direcionar os investimentos atrav\u00e9s de id\u00e9ias obtidas com a participa\u00e7\u00e3o popular.<\/p>\n<p><iframe loading=\"lazy\" src=\"https:\/\/www.youtube.com\/embed\/lvDhhzVrwoQ\" width=\"560\" height=\"315\" frameborder=\"0\" allowfullscreen=\"allowfullscreen\"><\/iframe><\/p>\n<p>Dr. Wendel ainda enfatizou a sua preocupa\u00e7\u00e3o com o Distrito de Barrol\u00e2ndia que, devido \u00e0 sua localiza\u00e7\u00e3o e caracter\u00edsticas, tem sido destino de bandidos vindos de toda a regi\u00e3o. O mesmo colocou a ideia de ser criada uma base para dar apoio \u00e0 CAEMA e a RONDESP e uma maior frequ\u00eancia de visitas dessas duas especializadas. Ao final o Delegado deu a ideia se criar uma rede de comunica\u00e7\u00e3o entre as policias Civil e Militar para a troca de informa\u00e7\u00f5es e uma melhor efetiva\u00e7\u00e3o e planejamento das opera\u00e7\u00f5es.<\/p>\n<p><a href=\"http:\/\/www.maisbn.com\/portal\/wp-content\/uploads\/2018\/03\/IMG-20180319-WA0364.jpg\"><img loading=\"lazy\" decoding=\"async\" class=\"aligncenter  wp-image-17995\" src=\"http:\/\/www.maisbn.com\/portal\/wp-content\/uploads\/2018\/03\/IMG-20180319-WA0364.jpg\" alt=\"IMG-20180319-WA0364\" width=\"600\" height=\"380\" \/><\/a><\/p>\n<p>&nbsp;<\/p>\n<p>Ao final, todos os vereadores agradeceram \u00e0s duas autoridades policiais pelo comparecimento e a C\u00e2mara de Vereadores, na pessoa do Presidente Aelson Matos (Calango), se colocou \u00e0 disposi\u00e7\u00e3o para auxiliar as for\u00e7as de seguran\u00e7a na atividade de combate \u00e0 criminalidade da cidade de Belmonte.<\/p>\n","protected":false},"excerpt":{"rendered":"<p>A C\u00e2mara de Vereadores de Belmonte realizou nessa segunda-feira (19\/03) uma audi\u00eancia p\u00fablica para se discutir assuntos relacionados \u00e0 seguran\u00e7a do munic\u00edpio. Participaram como convidados para o evento o Capit\u00e3o Neri, comandante da 5\u00aa CIA\/Belmonte e o Delegado Titular da cidade, Dr. Wendel Ferreira. A abertura da audi\u00eancia foi realizada pelo Capit\u00e3o Neri que ressaltou [&hellip;]<\/p>\n","protected":false},"author":7,"featured_media":17995,"comment_status":"open","ping_status":"open","sticky":false,"template":"","format":"standard","meta":{"footnotes":""},"categories":[45,1],"tags":[],"class_list":["post-17981","post","type-post","status-publish","format-standard","has-post-thumbnail","hentry","category-cidades","category-noticias"],"_links":{"self":[{"href":"https:\/\/www.maisbn.com\/portal\/wp-json\/wp\/v2\/posts\/17981","targetHints":{"allow":["GET"]}}],"collection":[{"href":"https:\/\/www.maisbn.com\/portal\/wp-json\/wp\/v2\/posts"}],"about":[{"href":"https:\/\/www.maisbn.com\/portal\/wp-json\/wp\/v2\/types\/post"}],"author":[{"embeddable":true,"href":"https:\/\/www.maisbn.com\/portal\/wp-json\/wp\/v2\/users\/7"}],"replies":[{"embeddable":true,"href":"https:\/\/www.maisbn.com\/portal\/wp-json\/wp\/v2\/comments?post=17981"}],"version-history":[{"count":3,"href":"https:\/\/www.maisbn.com\/portal\/wp-json\/wp\/v2\/posts\/17981\/revisions"}],"predecessor-version":[{"id":17996,"href":"https:\/\/www.maisbn.com\/portal\/wp-json\/wp\/v2\/posts\/17981\/revisions\/17996"}],"wp:featuredmedia":[{"embeddable":true,"href":"https:\/\/www.maisbn.com\/portal\/wp-json\/wp\/v2\/media\/17995"}],"wp:attachment":[{"href":"https:\/\/www.maisbn.com\/portal\/wp-json\/wp\/v2\/media?parent=17981"}],"wp:term":[{"taxonomy":"category","embeddable":true,"href":"https:\/\/www.maisbn.com\/portal\/wp-json\/wp\/v2\/categories?post=17981"},{"taxonomy":"post_tag","embeddable":true,"href":"https:\/\/www.maisbn.com\/portal\/wp-json\/wp\/v2\/tags?post=17981"}],"curies":[{"name":"wp","href":"https:\/\/api.w.org\/{rel}","templated":true}]}}