{"id":17968,"date":"2018-03-19T15:21:35","date_gmt":"2018-03-19T18:21:35","guid":{"rendered":"http:\/\/www.maisbn.com\/portal\/?p=17968"},"modified":"2018-03-19T15:21:35","modified_gmt":"2018-03-19T18:21:35","slug":"camara-de-vereadores-promove-audiencia-para-discutir-a-seguranca-publica-de-belmonte","status":"publish","type":"post","link":"https:\/\/www.maisbn.com\/portal\/2018\/03\/camara-de-vereadores-promove-audiencia-para-discutir-a-seguranca-publica-de-belmonte\/","title":{"rendered":"C\u00e2mara de Vereadores promove audi\u00eancia para discutir a seguran\u00e7a p\u00fablica de Belmonte."},"content":{"rendered":"<p><a href=\"http:\/\/www.maisbn.com\/portal\/wp-content\/uploads\/2018\/03\/IMG_20180312_114514-e1520936098679.jpg\"><img loading=\"lazy\" decoding=\"async\" class=\"aligncenter  wp-image-17900\" src=\"http:\/\/www.maisbn.com\/portal\/wp-content\/uploads\/2018\/03\/IMG_20180312_114514-1000x750.jpg\" alt=\"IMG_20180312_114514\" width=\"600\" height=\"450\" \/><\/a><\/p>\n<p>Nessa segunda-feira (19\/03) acontecer\u00e1 na C\u00e2mara de Vereadores uma audi\u00eancia p\u00fablica com o Capit\u00e3o Neri, comandante da Policia Militar em Belmonte, para se discutir a seguran\u00e7a p\u00fablica do munic\u00edpio. A audi\u00eancia foi convocada pelo Vereador e Presidente da C\u00e2mara, Aelson Matos (Calango), e tem como finalidade trazer a comunidade para o centro das discuss\u00f5es e, junto com ela, decidir o formato do policiamento e as estrat\u00e9gias a serem usadas para coibir a a\u00e7\u00e3o de criminosos. &#8220;<em><strong>A seguran\u00e7a \u00e9 hoje uma das maiores preocupa\u00e7\u00f5es do belmontense e eu, junto com os meus colegas vereadores, queremos discutir com a comunidade a maneira de enfrentar esse desafio. Eu pe\u00e7o a todos os belmontenses que compare\u00e7am \u00e0 audi\u00eancia e nos ajude a cuidar da seguran\u00e7a das pessoas de bem de nossa cidade.&#8221; &#8211; <\/strong><\/em>Comentou Aelson Matos (Calango).<\/p>\n<p>Nossa equipe tamb\u00e9m conversou com o Capit\u00e3o Neri e o mesmo colocou que \u00e9 muito importante a participa\u00e7\u00e3o da comunidade porque \u00e9 hora de um pacto pela seguran\u00e7a p\u00fablica ser firmado em todo o munic\u00edpio. &#8220;<strong><em>A Policia Militar precisa da comunidade porque trabalhamos por ela e para ela. Essa \u00e9 apenas a primeira reuni\u00e3o de muitas. Estou morando na cidade e quero conversar com os diversos seguimentos da nossa sociedade para tomar as decis\u00f5es necess\u00e1rias no combate \u00e0 criminalidade. Tamb\u00e9m aproveitarei a oportunidade para divulgar o trabalho que j\u00e1 est\u00e1 sendo feito e mostrar para todos que, se nos unirmos, poderemos fazer muito mais e obter maiores resultados.&#8221;<\/em><\/strong> &#8211; Finalizou o comandante.<\/p>\n<p>A audi\u00eancia p\u00fablica est\u00e1 marcada para as 19:30Hrs e acontecer\u00e1 durante a Sess\u00e3o do Legislativo belmontense. As discuss\u00f5es ser\u00e3o abertas ao p\u00fablico que poder\u00e1 dar sugest\u00f5es e trazer id\u00e9ias a serem implementadas no andamento do servi\u00e7o policial militar na cidade.<\/p>\n","protected":false},"excerpt":{"rendered":"<p>Nessa segunda-feira (19\/03) acontecer\u00e1 na C\u00e2mara de Vereadores uma audi\u00eancia p\u00fablica com o Capit\u00e3o Neri, comandante da Policia Militar em Belmonte, para se discutir a seguran\u00e7a p\u00fablica do munic\u00edpio. A audi\u00eancia foi convocada pelo Vereador e Presidente da C\u00e2mara, Aelson Matos (Calango), e tem como finalidade trazer a comunidade para o centro das discuss\u00f5es e, [&hellip;]<\/p>\n","protected":false},"author":7,"featured_media":17900,"comment_status":"open","ping_status":"open","sticky":false,"template":"","format":"standard","meta":{"footnotes":""},"categories":[1,16],"tags":[108],"class_list":["post-17968","post","type-post","status-publish","format-standard","has-post-thumbnail","hentry","category-noticias","category-policial","tag-belmonte"],"_links":{"self":[{"href":"https:\/\/www.maisbn.com\/portal\/wp-json\/wp\/v2\/posts\/17968","targetHints":{"allow":["GET"]}}],"collection":[{"href":"https:\/\/www.maisbn.com\/portal\/wp-json\/wp\/v2\/posts"}],"about":[{"href":"https:\/\/www.maisbn.com\/portal\/wp-json\/wp\/v2\/types\/post"}],"author":[{"embeddable":true,"href":"https:\/\/www.maisbn.com\/portal\/wp-json\/wp\/v2\/users\/7"}],"replies":[{"embeddable":true,"href":"https:\/\/www.maisbn.com\/portal\/wp-json\/wp\/v2\/comments?post=17968"}],"version-history":[{"count":1,"href":"https:\/\/www.maisbn.com\/portal\/wp-json\/wp\/v2\/posts\/17968\/revisions"}],"predecessor-version":[{"id":17969,"href":"https:\/\/www.maisbn.com\/portal\/wp-json\/wp\/v2\/posts\/17968\/revisions\/17969"}],"wp:featuredmedia":[{"embeddable":true,"href":"https:\/\/www.maisbn.com\/portal\/wp-json\/wp\/v2\/media\/17900"}],"wp:attachment":[{"href":"https:\/\/www.maisbn.com\/portal\/wp-json\/wp\/v2\/media?parent=17968"}],"wp:term":[{"taxonomy":"category","embeddable":true,"href":"https:\/\/www.maisbn.com\/portal\/wp-json\/wp\/v2\/categories?post=17968"},{"taxonomy":"post_tag","embeddable":true,"href":"https:\/\/www.maisbn.com\/portal\/wp-json\/wp\/v2\/tags?post=17968"}],"curies":[{"name":"wp","href":"https:\/\/api.w.org\/{rel}","templated":true}]}}