{"id":17937,"date":"2018-03-16T19:13:52","date_gmt":"2018-03-16T22:13:52","guid":{"rendered":"http:\/\/www.maisbn.com\/portal\/?p=17937"},"modified":"2018-03-16T19:13:52","modified_gmt":"2018-03-16T22:13:52","slug":"prefeitos-de-belmonte-e-canavieiras-participam-do-6o-encontro-de-prefeitos-da-bahia","status":"publish","type":"post","link":"https:\/\/www.maisbn.com\/portal\/2018\/03\/prefeitos-de-belmonte-e-canavieiras-participam-do-6o-encontro-de-prefeitos-da-bahia\/","title":{"rendered":"Prefeitos de Belmonte e Canavieiras participam do 6\u00ba Encontro de Prefeitos da Bahia."},"content":{"rendered":"<p>O Prefeito Janival Borges est\u00e1 em Salvador participando do 6\u00ba Encontro de Prefeitos da Bahia, realizado pela Uni\u00e3o dos Munic\u00edpios da Bahia (UPB). O evento, que vem com o tema &#8220;Munic\u00edpios Inteligentes &#8220;, acontece no SENAI Cimatec em Salvador, foi iniciado nessa sexta-feira (16\/03) e ir\u00e1 se estender at\u00e9 o s\u00e1bado (17\/03). Tamb\u00e9m est\u00e3o presentes no encontro o Governador Rui Costa, Senadores, Deputados Federais e Estaduais, Ministros de Estados, entre outras personalidades.<\/p>\n<p><a href=\"http:\/\/www.maisbn.com\/portal\/wp-content\/uploads\/2018\/03\/UPB.jpg\"><img loading=\"lazy\" decoding=\"async\" class=\"aligncenter wp-image-17939 \" src=\"http:\/\/www.maisbn.com\/portal\/wp-content\/uploads\/2018\/03\/UPB.jpg\" alt=\"\" width=\"601\" height=\"263\" \/><\/a><\/p>\n<p>O objetivo do 328 prefeitos que participam do encontro \u00e9 repensar as administra\u00e7\u00f5es p\u00fablicas com planejamento e uso de novas tecnologias.\u00a0Os gestores tamb\u00e9m est\u00e3o tendo a oportunidade de trocar id\u00e9ias e experi\u00eancias sobre diversos problemas que afligem os munic\u00edpios atrav\u00e9s de oficinas que est\u00e3o sendo realizadas durante o evento. Os Prefeitos tamb\u00e9m ter\u00e3o acesso \u00e0s novas id\u00e9ias e conv\u00eanios e aos caminhos que devem percorrer para implantar as novas solu\u00e7\u00f5es apresentadas em seus munic\u00edpios.<\/p>\n<p><a href=\"http:\/\/www.maisbn.com\/portal\/wp-content\/uploads\/2018\/03\/PrefeitoaBhia.jpg\"><img loading=\"lazy\" decoding=\"async\" class=\"aligncenter  wp-image-17938\" src=\"http:\/\/www.maisbn.com\/portal\/wp-content\/uploads\/2018\/03\/PrefeitoaBhia.jpg\" alt=\"PrefeitoaBhia\" width=\"600\" height=\"312\" \/><\/a><\/p>\n<p>Em conversa com nossa equipe o Prefeito Janival Borges, acompanhado pelo Secret\u00e1rio de Finan\u00e7as Alexandre Haerter, comentou que est\u00e1 muito animado e que o encontro s\u00f3 ir\u00e1 somar em seu desempenho como gestor municipal. <strong><em>&#8220;Eu vim aqui buscar novas id\u00e9ias e observar o que est\u00e1 dando certo para implantar em nosso munic\u00edpio. Atualmente, todas as cidades enfrentam problemas que exigem inova\u00e7\u00f5es constantes e o prefeito que quiser realizar uma boa gest\u00e3o tem que inovar, se reciclar e se livrar das velhas pr\u00e1ticas do passado.&#8221;<\/em> <\/strong>&#8211; Comentou o gestor.<\/p>\n<p><a href=\"http:\/\/www.maisbn.com\/portal\/wp-content\/uploads\/2018\/03\/mosaico_encontroprefeitos.jpg\"><img loading=\"lazy\" decoding=\"async\" class=\"aligncenter  wp-image-17940\" src=\"http:\/\/www.maisbn.com\/portal\/wp-content\/uploads\/2018\/03\/mosaico_encontroprefeitos.jpg\" alt=\"mosaico_encontroprefeitos\" width=\"626\" height=\"207\" \/><\/a><\/p>\n<p>O Prefeito Janival Borges ainda encontrou com o Prefeito de Canavieiras, Dr. Almeida. Os dois gestores conversaram com o Secret\u00e1rio Estadual de Sa\u00fade, F\u00e1bio Vilas Boas, e disseram que est\u00e3o juntos na busca da t\u00e3o sonhada rodovia Belmonte X Canavieiras, j\u00e1 prometida pelo Governador Rui Costa.<\/p>\n<p>&nbsp;<\/p>\n<p>&nbsp;<\/p>\n","protected":false},"excerpt":{"rendered":"<p>O Prefeito Janival Borges est\u00e1 em Salvador participando do 6\u00ba Encontro de Prefeitos da Bahia, realizado pela Uni\u00e3o dos Munic\u00edpios da Bahia (UPB). O evento, que vem com o tema &#8220;Munic\u00edpios Inteligentes &#8220;, acontece no SENAI Cimatec em Salvador, foi iniciado nessa sexta-feira (16\/03) e ir\u00e1 se estender at\u00e9 o s\u00e1bado (17\/03). Tamb\u00e9m est\u00e3o presentes [&hellip;]<\/p>\n","protected":false},"author":7,"featured_media":17941,"comment_status":"open","ping_status":"open","sticky":false,"template":"","format":"standard","meta":{"footnotes":""},"categories":[45,1],"tags":[108],"class_list":["post-17937","post","type-post","status-publish","format-standard","has-post-thumbnail","hentry","category-cidades","category-noticias","tag-belmonte"],"_links":{"self":[{"href":"https:\/\/www.maisbn.com\/portal\/wp-json\/wp\/v2\/posts\/17937","targetHints":{"allow":["GET"]}}],"collection":[{"href":"https:\/\/www.maisbn.com\/portal\/wp-json\/wp\/v2\/posts"}],"about":[{"href":"https:\/\/www.maisbn.com\/portal\/wp-json\/wp\/v2\/types\/post"}],"author":[{"embeddable":true,"href":"https:\/\/www.maisbn.com\/portal\/wp-json\/wp\/v2\/users\/7"}],"replies":[{"embeddable":true,"href":"https:\/\/www.maisbn.com\/portal\/wp-json\/wp\/v2\/comments?post=17937"}],"version-history":[{"count":1,"href":"https:\/\/www.maisbn.com\/portal\/wp-json\/wp\/v2\/posts\/17937\/revisions"}],"predecessor-version":[{"id":17942,"href":"https:\/\/www.maisbn.com\/portal\/wp-json\/wp\/v2\/posts\/17937\/revisions\/17942"}],"wp:featuredmedia":[{"embeddable":true,"href":"https:\/\/www.maisbn.com\/portal\/wp-json\/wp\/v2\/media\/17941"}],"wp:attachment":[{"href":"https:\/\/www.maisbn.com\/portal\/wp-json\/wp\/v2\/media?parent=17937"}],"wp:term":[{"taxonomy":"category","embeddable":true,"href":"https:\/\/www.maisbn.com\/portal\/wp-json\/wp\/v2\/categories?post=17937"},{"taxonomy":"post_tag","embeddable":true,"href":"https:\/\/www.maisbn.com\/portal\/wp-json\/wp\/v2\/tags?post=17937"}],"curies":[{"name":"wp","href":"https:\/\/api.w.org\/{rel}","templated":true}]}}