{"id":17923,"date":"2018-03-14T19:34:50","date_gmt":"2018-03-14T22:34:50","guid":{"rendered":"http:\/\/www.maisbn.com\/portal\/?p=17923"},"modified":"2018-03-14T19:34:50","modified_gmt":"2018-03-14T22:34:50","slug":"prefeitura-realiza-campanha-de-vacinacao-contra-meningites-e-hpv-em-belmonte","status":"publish","type":"post","link":"https:\/\/www.maisbn.com\/portal\/2018\/03\/prefeitura-realiza-campanha-de-vacinacao-contra-meningites-e-hpv-em-belmonte\/","title":{"rendered":"Prefeitura realiza campanha de vacina\u00e7\u00e3o contra Meningites e HPV em Belmonte."},"content":{"rendered":"<p><a href=\"http:\/\/www.maisbn.com\/portal\/wp-content\/uploads\/2018\/03\/WhatsApp-Image-2018-03-14-at-11.49.07-AM.jpeg\"><img loading=\"lazy\" decoding=\"async\" class=\"aligncenter  wp-image-17924\" src=\"http:\/\/www.maisbn.com\/portal\/wp-content\/uploads\/2018\/03\/WhatsApp-Image-2018-03-14-at-11.49.07-AM-619x900.jpeg\" alt=\"WhatsApp Image 2018-03-14 at 11.49.07 AM\" width=\"426\" height=\"620\" srcset=\"https:\/\/www.maisbn.com\/portal\/wp-content\/uploads\/2018\/03\/WhatsApp-Image-2018-03-14-at-11.49.07-AM-619x900.jpeg 619w, https:\/\/www.maisbn.com\/portal\/wp-content\/uploads\/2018\/03\/WhatsApp-Image-2018-03-14-at-11.49.07-AM.jpeg 650w\" sizes=\"auto, (max-width: 426px) 100vw, 426px\" \/><\/a><\/p>\n<p>A Prefeitura de Belmonte, por meio da Secretaria Municipal de Sa\u00fade, informa que o munic\u00edpio est\u00e1 em Campanha de Mobiliza\u00e7\u00e3o e Comunica\u00e7\u00e3o para a Vacina\u00e7\u00e3o do Adolescente contra HPV e Meningites. Todos os jovens est\u00e3o sendo convocados a comparecer aos postos de sa\u00fade para serem imunizados.<\/p>\n<p>Devem receber a dose contra o HPV meninas de 9 a 14 anos e meninos de 11 a 14 anos. J\u00e1 a faixa et\u00e1ria de imuniza\u00e7\u00e3o contra a meningite C foi ampliada e passa a ser de 11 a 14 anos. O Secret\u00e1rio municipal de Sa\u00fade, T\u00e1rcio Lapa, explicou que a vacina estar\u00e1 dispon\u00edvel o ano inteiro para adolescentes e n\u00e3o em um per\u00edodo pr\u00e9-definido. <strong><em>\u201cA campanha ser\u00e1 de esclarecimento e conscientiza\u00e7\u00e3o para que o p\u00fablico alvo compare\u00e7a aos pontos de vacina\u00e7\u00e3o. Lembro que todas as unidades de sa\u00fade de Belmonte est\u00e3o aptas a realizar a imuniza\u00e7\u00e3o e que a comunidade da zona rural tamb\u00e9m ter\u00e1 acesso a vacina atrav\u00e9s da equipe itinerante\u201d <\/em><\/strong>enfatizou o secret\u00e1rio.<\/p>\n<p>No Brasil, s\u00e3o estimados 16 mil casos de c\u00e2ncer de colo do \u00fatero por ano e 5 mil \u00f3bitos de mulheres associados \u00e0 doen\u00e7a. Mais de 90% dos casos de c\u00e2ncer anal e 63% dos c\u00e2nceres de p\u00eanis s\u00e3o atribu\u00eddos \u00e0 infec\u00e7\u00e3o, principalmente pelo subtipo 16.<\/p>\n","protected":false},"excerpt":{"rendered":"<p>A Prefeitura de Belmonte, por meio da Secretaria Municipal de Sa\u00fade, informa que o munic\u00edpio est\u00e1 em Campanha de Mobiliza\u00e7\u00e3o e Comunica\u00e7\u00e3o para a Vacina\u00e7\u00e3o do Adolescente contra HPV e Meningites. Todos os jovens est\u00e3o sendo convocados a comparecer aos postos de sa\u00fade para serem imunizados. Devem receber a dose contra o HPV meninas de [&hellip;]<\/p>\n","protected":false},"author":7,"featured_media":17925,"comment_status":"open","ping_status":"open","sticky":false,"template":"","format":"standard","meta":{"footnotes":""},"categories":[1,28],"tags":[108],"class_list":["post-17923","post","type-post","status-publish","format-standard","has-post-thumbnail","hentry","category-noticias","category-saude-noticias","tag-belmonte"],"_links":{"self":[{"href":"https:\/\/www.maisbn.com\/portal\/wp-json\/wp\/v2\/posts\/17923","targetHints":{"allow":["GET"]}}],"collection":[{"href":"https:\/\/www.maisbn.com\/portal\/wp-json\/wp\/v2\/posts"}],"about":[{"href":"https:\/\/www.maisbn.com\/portal\/wp-json\/wp\/v2\/types\/post"}],"author":[{"embeddable":true,"href":"https:\/\/www.maisbn.com\/portal\/wp-json\/wp\/v2\/users\/7"}],"replies":[{"embeddable":true,"href":"https:\/\/www.maisbn.com\/portal\/wp-json\/wp\/v2\/comments?post=17923"}],"version-history":[{"count":1,"href":"https:\/\/www.maisbn.com\/portal\/wp-json\/wp\/v2\/posts\/17923\/revisions"}],"predecessor-version":[{"id":17926,"href":"https:\/\/www.maisbn.com\/portal\/wp-json\/wp\/v2\/posts\/17923\/revisions\/17926"}],"wp:featuredmedia":[{"embeddable":true,"href":"https:\/\/www.maisbn.com\/portal\/wp-json\/wp\/v2\/media\/17925"}],"wp:attachment":[{"href":"https:\/\/www.maisbn.com\/portal\/wp-json\/wp\/v2\/media?parent=17923"}],"wp:term":[{"taxonomy":"category","embeddable":true,"href":"https:\/\/www.maisbn.com\/portal\/wp-json\/wp\/v2\/categories?post=17923"},{"taxonomy":"post_tag","embeddable":true,"href":"https:\/\/www.maisbn.com\/portal\/wp-json\/wp\/v2\/tags?post=17923"}],"curies":[{"name":"wp","href":"https:\/\/api.w.org\/{rel}","templated":true}]}}