{"id":17909,"date":"2018-03-14T10:02:59","date_gmt":"2018-03-14T13:02:59","guid":{"rendered":"http:\/\/www.maisbn.com\/portal\/?p=17909"},"modified":"2018-03-14T10:02:59","modified_gmt":"2018-03-14T13:02:59","slug":"belmontense-participa-de-programa-internacional-de-formacao-de-professores","status":"publish","type":"post","link":"https:\/\/www.maisbn.com\/portal\/2018\/03\/belmontense-participa-de-programa-internacional-de-formacao-de-professores\/","title":{"rendered":"Belmontense participa de Programa Internacional de forma\u00e7\u00e3o de professores."},"content":{"rendered":"<p>Rec\u00e9m-formado na Licenciatura Interdisciplinar em Linguagens, C\u00f3digos e Suas Tecnologias pela Universidade Federal do Sul da Bahia, o jovem professor Moises Sant\u2019Ana, est\u00e1 no Uruguai onde participa de um programa de mobilidade acad\u00eamica internacional, ligado ao Programa Paulo Freire de Forma\u00e7\u00e3o de Professores. O programa \u00e9 uma parceria entre a Universidade Federal do Sul da Bahia \u2013 UFSB e Universidades Ibero-Americanas e tem como objetivo promover a mobilidade acad\u00eamica no intuito de proporcionar linhas de desenvolvimento institucional e, especialmente, em linhas de pesquisa. Nesse sentido, a proposta visa satisfazer esta necessidade de desenvolvimento acad\u00eamico, promovendo inst\u00e2ncias de troca entre professores e estudantes de ambos os pa\u00edses, do Uruguai e do Brasil, de tal forma que \u201cas inova\u00e7\u00f5es educacionais que s\u00e3o realizadas na aula possam ser conhecidas e replicadas idealmente por outros professores em todas as institui\u00e7\u00f5es Brasileiras e Uruguaias\u201d.<\/p>\n<p><iframe loading=\"lazy\" style=\"border: none; overflow: hidden;\" src=\"https:\/\/www.facebook.com\/plugins\/video.php?href=https%3A%2F%2Fwww.facebook.com%2Fmoziinhoh.santana%2Fvideos%2F1462284180561707%2F&amp;show_text=0&amp;width=560\" width=\"560\" height=\"373\" frameborder=\"0\" scrolling=\"no\" allowfullscreen=\"allowfullscreen\"><\/iframe><\/p>\n<p>Neste momento as inst\u00e2ncias acad\u00eamicas do grupo de estudantes da Universidade Federal do Sul da Bahia \u2013 UFSB, chegam ao Uruguai, em um marco do conv\u00eanio de coopera\u00e7\u00e3o e interc\u00e2mbio entre a UFSB\/ANEP\/CFE-UDELAR, entre os dias 12 de mar\u00e7o e 21 de abril do presente ano. Durante a mesma, as inst\u00e2ncias uruguaias se propuseram a realizar uma imers\u00e3o da delega\u00e7\u00e3o estudantil brasileira, a qual o Professor Mois\u00e9s Sant&#8217;ana faz parte, \u00e0 realidade nacional em \u00e2mbito educacional e cultural. As inst\u00e2ncias acad\u00eamicas constituem-se em valiosos espa\u00e7os que permitem os alunos conhecerem com maior profundidade a realidade do pa\u00eds onde se realiza o evento, e neste caso em particular, sendo pa\u00edses lim\u00edtrofes, interpretar melhor a realidade a n\u00edvel regional. Se espera que o interc\u00e2mbio se constitua na possibilidade para potencializar e analisar as propostas educativas de cada realidade na procura de sua melhoria.<\/p>\n<p><a href=\"http:\/\/www.maisbn.com\/portal\/wp-content\/uploads\/2018\/03\/mosaico_estudanteuruguai.jpg\"><img loading=\"lazy\" decoding=\"async\" class=\"aligncenter  wp-image-17910\" src=\"http:\/\/www.maisbn.com\/portal\/wp-content\/uploads\/2018\/03\/mosaico_estudanteuruguai.jpg\" alt=\"mosaico_estudanteuruguai\" width=\"600\" height=\"386\" \/><\/a><\/p>\n<p>Durante o interc\u00e2mbio, ser\u00e3o oferecidos aos participantes um espa\u00e7o de entendimentos sobre os programas e propostas educativas que s\u00e3o realizadas no Uruguai, vinculadas com inova\u00e7\u00e3o, investiga\u00e7\u00e3o, tecnologia, interdisciplinaridade e estrutura institucional da forma\u00e7\u00e3o docente. Al\u00e9m disso, os alunos e professores participar\u00e3o de confer\u00eancias focalizadas na apresenta\u00e7\u00e3o da realidade nacional contempor\u00e2nea, fundamentalmente em aspectos geopol\u00edticos, ambientais e art\u00edsticos, conhecendo as escolas da zona urbana e tamb\u00e9m rural. <strong><em>&#8220;Estou muito feliz por estar aqui e o meu objetivo \u00e9 levar para o Brasil a mala cheia de novas id\u00e9ias para melhorarmos nossas pr\u00e1ticas educacionais e sociais.&#8221;<\/em><\/strong> &#8211; Comentou Mois\u00e9s Sant&#8217;ana.<\/p>\n<p>&nbsp;<\/p>\n","protected":false},"excerpt":{"rendered":"<p>Rec\u00e9m-formado na Licenciatura Interdisciplinar em Linguagens, C\u00f3digos e Suas Tecnologias pela Universidade Federal do Sul da Bahia, o jovem professor Moises Sant\u2019Ana, est\u00e1 no Uruguai onde participa de um programa de mobilidade acad\u00eamica internacional, ligado ao Programa Paulo Freire de Forma\u00e7\u00e3o de Professores. O programa \u00e9 uma parceria entre a Universidade Federal do Sul da [&hellip;]<\/p>\n","protected":false},"author":7,"featured_media":17911,"comment_status":"open","ping_status":"open","sticky":false,"template":"","format":"standard","meta":{"footnotes":""},"categories":[8,1],"tags":[108],"class_list":["post-17909","post","type-post","status-publish","format-standard","has-post-thumbnail","hentry","category-educacao","category-noticias","tag-belmonte"],"_links":{"self":[{"href":"https:\/\/www.maisbn.com\/portal\/wp-json\/wp\/v2\/posts\/17909","targetHints":{"allow":["GET"]}}],"collection":[{"href":"https:\/\/www.maisbn.com\/portal\/wp-json\/wp\/v2\/posts"}],"about":[{"href":"https:\/\/www.maisbn.com\/portal\/wp-json\/wp\/v2\/types\/post"}],"author":[{"embeddable":true,"href":"https:\/\/www.maisbn.com\/portal\/wp-json\/wp\/v2\/users\/7"}],"replies":[{"embeddable":true,"href":"https:\/\/www.maisbn.com\/portal\/wp-json\/wp\/v2\/comments?post=17909"}],"version-history":[{"count":1,"href":"https:\/\/www.maisbn.com\/portal\/wp-json\/wp\/v2\/posts\/17909\/revisions"}],"predecessor-version":[{"id":17912,"href":"https:\/\/www.maisbn.com\/portal\/wp-json\/wp\/v2\/posts\/17909\/revisions\/17912"}],"wp:featuredmedia":[{"embeddable":true,"href":"https:\/\/www.maisbn.com\/portal\/wp-json\/wp\/v2\/media\/17911"}],"wp:attachment":[{"href":"https:\/\/www.maisbn.com\/portal\/wp-json\/wp\/v2\/media?parent=17909"}],"wp:term":[{"taxonomy":"category","embeddable":true,"href":"https:\/\/www.maisbn.com\/portal\/wp-json\/wp\/v2\/categories?post=17909"},{"taxonomy":"post_tag","embeddable":true,"href":"https:\/\/www.maisbn.com\/portal\/wp-json\/wp\/v2\/tags?post=17909"}],"curies":[{"name":"wp","href":"https:\/\/api.w.org\/{rel}","templated":true}]}}