{"id":17899,"date":"2018-03-13T07:19:54","date_gmt":"2018-03-13T10:19:54","guid":{"rendered":"http:\/\/www.maisbn.com\/portal\/?p=17899"},"modified":"2018-03-13T07:19:54","modified_gmt":"2018-03-13T10:19:54","slug":"camara-de-vereadores-e-comando-da-pm-em-belmonte-marcam-audiencia-publica-para-tratar-da-seguranca","status":"publish","type":"post","link":"https:\/\/www.maisbn.com\/portal\/2018\/03\/camara-de-vereadores-e-comando-da-pm-em-belmonte-marcam-audiencia-publica-para-tratar-da-seguranca\/","title":{"rendered":"C\u00e2mara de Vereadores e comando da PM em Belmonte marcam audi\u00eancia p\u00fablica para tratar da seguran\u00e7a."},"content":{"rendered":"<p><a href=\"http:\/\/www.maisbn.com\/portal\/wp-content\/uploads\/2018\/03\/IMG_20180312_114514-e1520936098679.jpg\"><img loading=\"lazy\" decoding=\"async\" class=\"aligncenter  wp-image-17900\" src=\"http:\/\/www.maisbn.com\/portal\/wp-content\/uploads\/2018\/03\/IMG_20180312_114514-1000x750.jpg\" alt=\"IMG_20180312_114514\" width=\"600\" height=\"450\" \/><\/a><\/p>\n<p>No final da manh\u00e3 dessa segunda-feira (12\/03) o Presidente da C\u00e2mara de Vereadores, Aelson Matos (Calango), recebeu em seu gabinete o Capit\u00e3o Neri, comandante da Pol\u00edcia Militar em Belmonte. O motivo do encontro foi discutir, encontrar solu\u00e7\u00f5es para os problemas da Seguran\u00e7a na cidade e marcar uma audi\u00eancia p\u00fablica na sede da C\u00e2mara de Vereadores para que o comandante exponha \u00e0 comunidade as a\u00e7\u00f5es que est\u00e3o sendo tomadas para o melhoramento do policiamento em todo o munic\u00edpio.<\/p>\n<p>O chefe do Poder Legislativo comentou durante a reuni\u00e3o que a seguran\u00e7a p\u00fablica tem sido uma quest\u00e3o bastante abordada e que a popula\u00e7\u00e3o est\u00e1 preocupada com o aumento do tr\u00e1fico de drogas e a viol\u00eancia. O mesmo ainda colocou que o problema mais grave se encontra em Santa Maria e Boca do C\u00f3rrego e que tem recebido relados de que as duas localidades n\u00e3o contam com a cobertura policial adequada, fato que torna as a\u00e7\u00f5es de bandidos mais efetivas. <strong><em>&#8220;Estou ciente que as dificuldades da Seguran\u00e7a P\u00fablica s\u00e3o um problema que afeta todo o pa\u00eds, que temos que fazer o nosso papel de cidad\u00e3o e ajudar as for\u00e7as policiais a combaterem o flagelo da viol\u00eancia. Eu, representando todos os vereadores, me ponho \u00e0 disposi\u00e7\u00e3o do que for preciso para auxiliar nessa quest\u00e3o e unir os esfor\u00e7os na busca de uma Seguran\u00e7a P\u00fablica de qualidade para a comunidade belmontense.&#8221;<\/em> <\/strong>&#8211; Finalizou o Presidente do Legislativo.<\/p>\n<p>O Capit\u00e3o Neri, por sua vez, colocou que j\u00e1 existem a\u00e7\u00f5es sendo tomadas para melhorar o policiamento ostensivo em Belmonte. O oficial comentou que j\u00e1 est\u00e1 acontecendo o refor\u00e7o no n\u00famero de policiais nos final de semana atrav\u00e9s da &#8216;Opera\u00e7\u00e3o distritos&#8217;. Tamb\u00e9m est\u00e1 sendo implementada a realiza\u00e7\u00e3o de blitz e abordagens em todo o munic\u00edpio e que o problema de Santa Maria Eterna e Boca do C\u00f3rrego est\u00e1 prestes a ser resolvido. <strong><em>&#8220;Meu plano agora \u00e9 reunir com as escolas, com\u00e9rcio, associa\u00e7\u00f5es de bairros, entre outras entidades sociais, para discutir com esses entes quais s\u00e3o os anseios da comunidade e desenhar um plano de policiamento ostensivo dentro das caracter\u00edsticas do munic\u00edpio. No caso de Santa Maria Eterna e Boca do C\u00f3rrego, o 8\u00ba Batalh\u00e3o de Pol\u00edcia Militar, atrav\u00e9s do nosso comandante, o Major Anacleto Fran\u00e7a, j\u00e1 disponibilizou o material humano atrav\u00e9s de horas extras a serem pagas aos policiais que ser\u00e3o empregados nas duas localidades. Estamos agora acabando de concluir com o Prefeito Janival Borges a log\u00edstica do servi\u00e7o como: alimenta\u00e7\u00e3o, transporte e estrutura para receber os policiais.&#8221;\u00a0\u00a0<\/em><\/strong>&#8211; Finalizou o comandante.<\/p>\n<p>&nbsp;<\/p>\n","protected":false},"excerpt":{"rendered":"<p>No final da manh\u00e3 dessa segunda-feira (12\/03) o Presidente da C\u00e2mara de Vereadores, Aelson Matos (Calango), recebeu em seu gabinete o Capit\u00e3o Neri, comandante da Pol\u00edcia Militar em Belmonte. O motivo do encontro foi discutir, encontrar solu\u00e7\u00f5es para os problemas da Seguran\u00e7a na cidade e marcar uma audi\u00eancia p\u00fablica na sede da C\u00e2mara de Vereadores [&hellip;]<\/p>\n","protected":false},"author":7,"featured_media":17900,"comment_status":"open","ping_status":"open","sticky":false,"template":"","format":"standard","meta":{"footnotes":""},"categories":[1,16],"tags":[108],"class_list":["post-17899","post","type-post","status-publish","format-standard","has-post-thumbnail","hentry","category-noticias","category-policial","tag-belmonte"],"_links":{"self":[{"href":"https:\/\/www.maisbn.com\/portal\/wp-json\/wp\/v2\/posts\/17899","targetHints":{"allow":["GET"]}}],"collection":[{"href":"https:\/\/www.maisbn.com\/portal\/wp-json\/wp\/v2\/posts"}],"about":[{"href":"https:\/\/www.maisbn.com\/portal\/wp-json\/wp\/v2\/types\/post"}],"author":[{"embeddable":true,"href":"https:\/\/www.maisbn.com\/portal\/wp-json\/wp\/v2\/users\/7"}],"replies":[{"embeddable":true,"href":"https:\/\/www.maisbn.com\/portal\/wp-json\/wp\/v2\/comments?post=17899"}],"version-history":[{"count":1,"href":"https:\/\/www.maisbn.com\/portal\/wp-json\/wp\/v2\/posts\/17899\/revisions"}],"predecessor-version":[{"id":17901,"href":"https:\/\/www.maisbn.com\/portal\/wp-json\/wp\/v2\/posts\/17899\/revisions\/17901"}],"wp:featuredmedia":[{"embeddable":true,"href":"https:\/\/www.maisbn.com\/portal\/wp-json\/wp\/v2\/media\/17900"}],"wp:attachment":[{"href":"https:\/\/www.maisbn.com\/portal\/wp-json\/wp\/v2\/media?parent=17899"}],"wp:term":[{"taxonomy":"category","embeddable":true,"href":"https:\/\/www.maisbn.com\/portal\/wp-json\/wp\/v2\/categories?post=17899"},{"taxonomy":"post_tag","embeddable":true,"href":"https:\/\/www.maisbn.com\/portal\/wp-json\/wp\/v2\/tags?post=17899"}],"curies":[{"name":"wp","href":"https:\/\/api.w.org\/{rel}","templated":true}]}}