{"id":17876,"date":"2018-03-12T22:35:28","date_gmt":"2018-03-13T01:35:28","guid":{"rendered":"http:\/\/www.maisbn.com\/portal\/?p=17876"},"modified":"2018-03-12T23:00:16","modified_gmt":"2018-03-13T02:00:16","slug":"secretaria-de-educacao-realiza-3a-etapa-municipal-do-conae-em-belmonte","status":"publish","type":"post","link":"https:\/\/www.maisbn.com\/portal\/2018\/03\/secretaria-de-educacao-realiza-3a-etapa-municipal-do-conae-em-belmonte\/","title":{"rendered":"Secretaria de Educa\u00e7\u00e3o realiza 3\u00aa Etapa Municipal do CONAE em Belmonte."},"content":{"rendered":"<p>A Secretaria Municipal de Educa\u00e7\u00e3o (SEMED) do Munic\u00edpio de Belmonte realizou a Etapa Municipal da 3\u00aa Confer\u00eancia Nacional de Educa\u00e7\u00e3o (CONAE), atendendo aos termos do Decreto Federal N\u00ba 26, publicado em abril de 2017, onde teve como tema central A Consolida\u00e7\u00e3o do Sistema Nacional de Educa\u00e7\u00e3o (SNE) e o Plano Nacional de Educa\u00e7\u00e3o (PNE).<\/p>\n<p><a href=\"http:\/\/www.maisbn.com\/portal\/wp-content\/uploads\/2018\/03\/WhatsApp-Image-2018-03-12-at-1.31.43-PM.jpeg\"><img loading=\"lazy\" decoding=\"async\" class=\"aligncenter size-full wp-image-17880\" src=\"http:\/\/www.maisbn.com\/portal\/wp-content\/uploads\/2018\/03\/WhatsApp-Image-2018-03-12-at-1.31.43-PM.jpeg\" alt=\"WhatsApp Image 2018-03-12 at 1.31.43 PM\" width=\"600\" height=\"450\" \/><\/a><\/p>\n<p>Durante o evento foram debatidos o monitoramento, avalia\u00e7\u00e3o e a proposi\u00e7\u00e3o de pol\u00edticas para garantir o direito \u00e0 educa\u00e7\u00e3o de qualidade social, p\u00fablica e gratuita, apoiada em um sistema totalmente laico. Tamb\u00e9m aconteceu a explana\u00e7\u00e3o dos eixos tem\u00e1ticos. Todos os temas descritos foram debatidos com o objetivo de analisar, validar e\/ou alterar o documento-refer\u00eancia da 3\u00aa CONAE. Para organizar o tema central, o F\u00f3rum Nacional de Educa\u00e7\u00e3o (FNE) prop\u00f4s 08 eixos tem\u00e1ticos, coerentes e articulados entre si:<\/p>\n<p><strong>Eixo I-<\/strong> Institui\u00e7\u00e3o, democratiza\u00e7\u00e3o, coopera\u00e7\u00e3o federativa, regime de colabora\u00e7\u00e3o, avalia\u00e7\u00e3o e regula\u00e7\u00e3o da educa\u00e7\u00e3o;<\/p>\n<p><strong>Eixo II &#8211;<\/strong> Qualidade, avalia\u00e7\u00e3o e regula\u00e7\u00e3o das pol\u00edticas educacionais;<\/p>\n<p><strong>Eixo III-<\/strong> Gest\u00e3o democr\u00e1tica: participa\u00e7\u00e3o popular e controle social;<\/p>\n<p><strong>Eixo IV \u2013<\/strong> Democratiza\u00e7\u00e3o: acesso, perman\u00eancia e gest\u00e3o;<\/p>\n<p><strong>Eixo V \u2013<\/strong> Educa\u00e7\u00e3o e diversidade: democratiza\u00e7\u00e3o, direitos humanos, justi\u00e7a social e inclus\u00e3o;<\/p>\n<p><strong>Eixo VI &#8211;<\/strong> Pol\u00edticas intersetoriais de desenvolvimento a\u00e7\u00e3o cultura, ci\u00eancia, trabalho, meio ambiente, sa\u00fade, tecnologia e inova\u00e7\u00e3o.<\/p>\n<p><strong>Eixo VII &#8211;<\/strong> Valoriza\u00e7\u00e3o dos profissionais da educa\u00e7\u00e3o: forma\u00e7\u00e3o, carreira, remunera\u00e7\u00e3o e condi\u00e7\u00f5es de trabalho e sa\u00fade.<\/p>\n<p><strong>Eixo VIII &#8211;<\/strong> Financiamento da educa\u00e7\u00e3o, gest\u00e3o, transpar\u00eancia e controle social.<\/p>\n<div><\/div>\n<div><a href=\"http:\/\/www.maisbn.com\/portal\/wp-content\/uploads\/2018\/03\/mosaico_semed_conae.jpg\"><img loading=\"lazy\" decoding=\"async\" class=\"aligncenter wp-image-17881\" src=\"http:\/\/www.maisbn.com\/portal\/wp-content\/uploads\/2018\/03\/mosaico_semed_conae.jpg\" alt=\"mosaico_semed_conae\" width=\"600\" height=\"386\" \/><\/a><\/div>\n<div><\/div>\n<div>\n<p>Contribu\u00edram os seguintes mediadores para os respectivos eixos tem\u00e1ticos: Gabriela Paternostro, Maria Jos\u00e9 Marinho, Maria Adalcy Braz\u00e3o, Vaneida Mota, Rodrigo Martins, Concei\u00e7\u00e3o Coelho Marinho, Laura Maria, Gla\u00facia Suzart e Cristiane Mendes.<\/p>\n<\/div>\n<div>\n<p>A mesa foi composta pelos seguintes representantes:<\/p>\n<p><strong>Representante do FUNDEB &#8211;<\/strong>\u00a0Luciene Monteiro;<\/p>\n<p><strong>Representante do Conselho Municipal de Educa\u00e7\u00e3o &#8211;<\/strong>\u00a0Concei\u00e7\u00e3o Coelho;<\/p>\n<p><strong>Representante do CAE &#8211;<\/strong>\u00a0Leonardo Paiva;<\/p>\n<p><strong>Representante e membro do F\u00f3rum Municipal de Educa\u00e7\u00e3o e representante da Secretaria de Interior &#8211;<\/strong>\u00a0Rodrigo Martins;<\/p>\n<p><strong>Representante do projeto IDI &#8211;<\/strong>\u00a0Meril\u00facia Silva;<\/p>\n<p><strong>Representando projeto Cultural &#8211;<\/strong>\u00a0Wanoly Perreira Silva;<\/p>\n<p><strong>Representando a Secretaria Municipal de Educa\u00e7\u00e3o &#8211;\u00a0<\/strong>Paulo Carvalho.<\/p>\n<\/div>\n<div><a href=\"http:\/\/www.maisbn.com\/portal\/wp-content\/uploads\/2018\/03\/WhatsApp-Image-2018-03-12-at-1.31.42-PM.jpeg\"><img loading=\"lazy\" decoding=\"async\" class=\"aligncenter wp-image-17882\" src=\"http:\/\/www.maisbn.com\/portal\/wp-content\/uploads\/2018\/03\/WhatsApp-Image-2018-03-12-at-1.31.42-PM-1000x563.jpeg\" alt=\"WhatsApp Image 2018-03-12 at 1.31.42 PM\" width=\"601\" height=\"338\" srcset=\"https:\/\/www.maisbn.com\/portal\/wp-content\/uploads\/2018\/03\/WhatsApp-Image-2018-03-12-at-1.31.42-PM-1000x563.jpeg 1000w, https:\/\/www.maisbn.com\/portal\/wp-content\/uploads\/2018\/03\/WhatsApp-Image-2018-03-12-at-1.31.42-PM.jpeg 1280w\" sizes=\"auto, (max-width: 601px) 100vw, 601px\" \/><\/a><\/div>\n<div><\/div>\n<div>\n<p>O munic\u00edpio ainda realizou as miniconfer\u00eancias preparat\u00f3rias no m\u00eas de novembro do ano passado nas seguintes localidades: Barrol\u00e2ndia, Santa Maria Eterna, e Boca do C\u00f3rrego. Os trabalhos continuaram em 2018 e no \u00faltimo dia 10\/03 aconteceu a Confer\u00eancia Municipal de Educa\u00e7\u00e3o, realizada no Complexo Escolar Polivalente de Belmonte, sob a responsabilidade do Secret\u00e1rio de Educa\u00e7\u00e3o, Paulo Santos Carvalho, dos membros que comp\u00f5em o F\u00f3rum Municipal da Educa\u00e7\u00e3o e com o apoio de toda a Secretaria.\u00a0O evento contou tamb\u00e9m com a participa\u00e7\u00e3o da comunidade e representantes de diversos seguimentos sociais que almejam uma educa\u00e7\u00e3o de qualidade onde a colabora\u00e7\u00e3o \u00e9 a parte central de todo o processo.<\/p>\n<\/div>\n<div><\/div>\n<div><a href=\"http:\/\/www.maisbn.com\/portal\/wp-content\/uploads\/2018\/03\/WhatsApp-Image-2018-03-12-at-1.31.44-PM.jpeg\"><img loading=\"lazy\" decoding=\"async\" class=\"aligncenter wp-image-17883\" src=\"http:\/\/www.maisbn.com\/portal\/wp-content\/uploads\/2018\/03\/WhatsApp-Image-2018-03-12-at-1.31.44-PM-1000x600.jpeg\" alt=\"WhatsApp Image 2018-03-12 at 1.31.44 PM\" width=\"600\" height=\"360\" srcset=\"https:\/\/www.maisbn.com\/portal\/wp-content\/uploads\/2018\/03\/WhatsApp-Image-2018-03-12-at-1.31.44-PM-1000x600.jpeg 1000w, https:\/\/www.maisbn.com\/portal\/wp-content\/uploads\/2018\/03\/WhatsApp-Image-2018-03-12-at-1.31.44-PM.jpeg 1280w\" sizes=\"auto, (max-width: 600px) 100vw, 600px\" \/><\/a><\/div>\n<div><\/div>\n<div>\n<p>Toda a comiss\u00e3o organizadora do evento agradeceu a todos os representantes que contribu\u00edram para a Confer\u00eancia Municipal de Educa\u00e7\u00e3o. A Secretaria Municipal de Educa\u00e7\u00e3o ainda ressaltou a participa\u00e7\u00e3o da Senhora Meiril\u00facua, representante do Projeto IDI, e agradeceu a apresenta\u00e7\u00e3o do Projeto Tetelestai Capoeira, representado pelo Mestre,\u00a0 Rubiran de Araujo Silva.<\/p>\n<\/div>\n","protected":false},"excerpt":{"rendered":"<p>A Secretaria Municipal de Educa\u00e7\u00e3o (SEMED) do Munic\u00edpio de Belmonte realizou a Etapa Municipal da 3\u00aa Confer\u00eancia Nacional de Educa\u00e7\u00e3o (CONAE), atendendo aos termos do Decreto Federal N\u00ba 26, publicado em abril de 2017, onde teve como tema central A Consolida\u00e7\u00e3o do Sistema Nacional de Educa\u00e7\u00e3o (SNE) e o Plano Nacional de Educa\u00e7\u00e3o (PNE). Durante [&hellip;]<\/p>\n","protected":false},"author":7,"featured_media":17880,"comment_status":"open","ping_status":"open","sticky":false,"template":"","format":"standard","meta":{"footnotes":""},"categories":[8,1],"tags":[108],"class_list":["post-17876","post","type-post","status-publish","format-standard","has-post-thumbnail","hentry","category-educacao","category-noticias","tag-belmonte"],"_links":{"self":[{"href":"https:\/\/www.maisbn.com\/portal\/wp-json\/wp\/v2\/posts\/17876","targetHints":{"allow":["GET"]}}],"collection":[{"href":"https:\/\/www.maisbn.com\/portal\/wp-json\/wp\/v2\/posts"}],"about":[{"href":"https:\/\/www.maisbn.com\/portal\/wp-json\/wp\/v2\/types\/post"}],"author":[{"embeddable":true,"href":"https:\/\/www.maisbn.com\/portal\/wp-json\/wp\/v2\/users\/7"}],"replies":[{"embeddable":true,"href":"https:\/\/www.maisbn.com\/portal\/wp-json\/wp\/v2\/comments?post=17876"}],"version-history":[{"count":17,"href":"https:\/\/www.maisbn.com\/portal\/wp-json\/wp\/v2\/posts\/17876\/revisions"}],"predecessor-version":[{"id":17898,"href":"https:\/\/www.maisbn.com\/portal\/wp-json\/wp\/v2\/posts\/17876\/revisions\/17898"}],"wp:featuredmedia":[{"embeddable":true,"href":"https:\/\/www.maisbn.com\/portal\/wp-json\/wp\/v2\/media\/17880"}],"wp:attachment":[{"href":"https:\/\/www.maisbn.com\/portal\/wp-json\/wp\/v2\/media?parent=17876"}],"wp:term":[{"taxonomy":"category","embeddable":true,"href":"https:\/\/www.maisbn.com\/portal\/wp-json\/wp\/v2\/categories?post=17876"},{"taxonomy":"post_tag","embeddable":true,"href":"https:\/\/www.maisbn.com\/portal\/wp-json\/wp\/v2\/tags?post=17876"}],"curies":[{"name":"wp","href":"https:\/\/api.w.org\/{rel}","templated":true}]}}