{"id":17810,"date":"2018-03-06T23:21:57","date_gmt":"2018-03-07T02:21:57","guid":{"rendered":"http:\/\/www.maisbn.com\/portal\/?p=17810"},"modified":"2018-03-06T23:21:57","modified_gmt":"2018-03-07T02:21:57","slug":"delegados-sao-homenageados-pela-camara-de-vereadores-de-belmonte","status":"publish","type":"post","link":"https:\/\/www.maisbn.com\/portal\/2018\/03\/delegados-sao-homenageados-pela-camara-de-vereadores-de-belmonte\/","title":{"rendered":"Delegados s\u00e3o homenageados pela C\u00e2mara de Vereadores de Belmonte."},"content":{"rendered":"<p><a href=\"http:\/\/www.maisbn.com\/portal\/wp-content\/uploads\/2018\/03\/IMG-20180305-WA0246.jpg\"><img loading=\"lazy\" decoding=\"async\" class=\"aligncenter  wp-image-17811\" src=\"http:\/\/www.maisbn.com\/portal\/wp-content\/uploads\/2018\/03\/IMG-20180305-WA0246.jpg\" alt=\"IMG-20180305-WA0246\" width=\"601\" height=\"381\" \/><\/a><\/p>\n<p>Os delegados de pol\u00edcia Dr. Mois\u00e9s Damasceno e Dr. Wendel Ferreira\u00a0foram homenageados na noite de segunda-feira (05\/03), pelos vereadores belmontenses.\u00a0O objetivo da Mo\u00e7\u00e3o foi reconhecer e agradecer os servi\u00e7os desempenhados nos \u00faltimos anos. A c\u00e2mara destacou as r\u00e1pida resposta da pol\u00edcia civil, liderada pelos Delegados homenageados, atraiu a aten\u00e7\u00e3o da sociedade, a qual vem elogiando as a\u00e7\u00f5es efetivas na \u00e1rea da seguran\u00e7a p\u00fablica no munic\u00edpio e no empenho para solucionar o caso do estupro da menor em Santa Maria Eterna que teve repercuss\u00e3o a n\u00edvel nacional.<\/p>\n<p><a href=\"http:\/\/www.maisbn.com\/portal\/wp-content\/uploads\/2018\/03\/IMG-20180305-WA0226.jpg\"><img loading=\"lazy\" decoding=\"async\" class=\"aligncenter  wp-image-17812\" src=\"http:\/\/www.maisbn.com\/portal\/wp-content\/uploads\/2018\/03\/IMG-20180305-WA0226.jpg\" alt=\"IMG-20180305-WA0226\" width=\"600\" height=\"380\" \/><\/a><\/p>\n<p>O prefeito Janival Borges, participou da sess\u00e3o e parabenizou os delegados.\u00a0<em><strong>\u201cMuito justa e adequada essa homenagem que o Poder Legislativo presta ao efetivo da Pol\u00edcia Civil, por meio do reconhecimento ao excelente trabalho liderado pelo doutor Dr. Moises Damasceno e Dr. Wendel Ferreira.\u201d\u00a0<\/strong><\/em>O prefeito ressaltou o empenho dele e do Deputado J\u00e2nio Natal junto ao Governo do Estado para que Belmonte seja contemplada com novos policiais, garantindo dessa forma um efetivo m\u00ednimo para o atendimento 24 horas em todo o munic\u00edpio. Finalizou sua fala dando parab\u00e9ns tamb\u00e9m aos vereadores de nossa cidade pela iniciativa.<\/p>\n<p><a href=\"http:\/\/www.maisbn.com\/portal\/wp-content\/uploads\/2018\/03\/IMG-20180305-WA0220.jpg\"><img loading=\"lazy\" decoding=\"async\" class=\"aligncenter  wp-image-17813\" src=\"http:\/\/www.maisbn.com\/portal\/wp-content\/uploads\/2018\/03\/IMG-20180305-WA0220.jpg\" alt=\"IMG-20180305-WA0220\" width=\"600\" height=\"380\" \/><\/a><\/p>\n<p>O presidente da C\u00e2mara, Aelson Matos, destacou a import\u00e2ncia da seguran\u00e7a p\u00fablica para o munic\u00edpio e refor\u00e7ou que todos os parlamentares fizeram quest\u00e3o de assinar a mo\u00e7\u00e3o.\u00a0<em><strong>\u201cNos sentimos honrados em prestar essa homenagem e estendemos essa mo\u00e7\u00e3o a todos os profissionais que prestam servi\u00e7os na delegacia\u201d,<\/strong><\/em>\u00a0destacou. O vice-presidente da C\u00e2mara, Alfredo Aberceb, que tamb\u00e9m foi o autor da proposta da homenagem, tamb\u00e9m se pronunciou na tribuna da casa e enalteceu o trabalho realizado pelos delegados.\u00a0<em><strong>\u201cAmbos t\u00eam logrado \u00eaxito na investiga\u00e7\u00e3o de crimes contra o patrim\u00f4nio, a pessoa, a honra e a liberdade individual e merecem todo nosso respeito\u201d,<\/strong><\/em>\u00a0salientou.<\/p>\n<p><a href=\"http:\/\/www.maisbn.com\/portal\/wp-content\/uploads\/2018\/03\/IMG-20180305-WA0234.jpg\"><img loading=\"lazy\" decoding=\"async\" class=\"aligncenter  wp-image-17814\" src=\"http:\/\/www.maisbn.com\/portal\/wp-content\/uploads\/2018\/03\/IMG-20180305-WA0234.jpg\" alt=\"IMG-20180305-WA0234\" width=\"600\" height=\"380\" \/><\/a><\/p>\n<p>Dr. Wendel agradeceu a mo\u00e7\u00e3o de congratula\u00e7\u00f5es e se colocou \u00e0 disposi\u00e7\u00e3o de toda a popula\u00e7\u00e3o.\u00a0<em><strong>\u201cMe senti bem acolhido na cidade e isso ajudou a pavimentar meu caminho para mostrar um bom trabalho. \u00c9 um desafio na minha carreira e estou procurando tirar as melhores oportunidades para desempenhar o trabalho policial em excel\u00eancia\u201d.<\/strong><\/em><\/p>\n<p><a href=\"http:\/\/www.maisbn.com\/portal\/wp-content\/uploads\/2018\/03\/IMG-20180305-WA0243.jpg\"><img loading=\"lazy\" decoding=\"async\" class=\"aligncenter  wp-image-17815\" src=\"http:\/\/www.maisbn.com\/portal\/wp-content\/uploads\/2018\/03\/IMG-20180305-WA0243.jpg\" alt=\"IMG-20180305-WA0243\" width=\"600\" height=\"380\" \/><\/a><\/p>\n<p>Agradecendo a homenagem o delegado Dr. Mois\u00e9s fez uma sauda\u00e7\u00e3o especial a todos os presentes. Durante seu pronunciamento, o delegado disse considerar a profiss\u00e3o uma atividade complexa, pois dentro de suas atribui\u00e7\u00f5es, o policial civil combate desde o crime organizado at\u00e9 os crimes de viol\u00eancia dom\u00e9stica e contra o idoso.\u00a0<em><strong>&#8220;Temos que nos desdobrar executando opera\u00e7\u00f5es policiais ao combate do tr\u00e1fico de drogas, n\u00e3o descuidando das atividades preventivas, executadas de forma muito positiva&#8221;.\u00a0<\/strong><\/em>Ambos delegados agradeceram aos investigadores, escriv\u00e3es e funcion\u00e1rios da delegacia.\u00a0<em><strong><em><strong>\u201cFazemos quest\u00e3o de estender essa homenagem para toda nossa equipe, pois sem voc\u00eas nada disso seria poss\u00edvel\u201d.<\/strong><\/em><\/strong><\/em><\/p>\n<p><a href=\"http:\/\/www.maisbn.com\/portal\/wp-content\/uploads\/2018\/03\/IMG-20180305-WA0249.jpg\"><img loading=\"lazy\" decoding=\"async\" class=\"aligncenter  wp-image-17816\" src=\"http:\/\/www.maisbn.com\/portal\/wp-content\/uploads\/2018\/03\/IMG-20180305-WA0249.jpg\" alt=\"IMG-20180305-WA0249\" width=\"600\" height=\"380\" \/><\/a><\/p>\n<p>Estiveram prestigiando o evento, a delegada Dra. Elizabeth da cidade de Santa Cruz Cabr\u00e1lia, secret\u00e1rios, advogados, empres\u00e1rios e popula\u00e7\u00e3o.\u00a0Finalizando as homenagens todos foram convidados a participar de um jantar no restaurante de Narem a beira do Rio Jequitinhonha.<\/p>\n","protected":false},"excerpt":{"rendered":"<p>Os delegados de pol\u00edcia Dr. Mois\u00e9s Damasceno e Dr. Wendel Ferreira\u00a0foram homenageados na noite de segunda-feira (05\/03), pelos vereadores belmontenses.\u00a0O objetivo da Mo\u00e7\u00e3o foi reconhecer e agradecer os servi\u00e7os desempenhados nos \u00faltimos anos. A c\u00e2mara destacou as r\u00e1pida resposta da pol\u00edcia civil, liderada pelos Delegados homenageados, atraiu a aten\u00e7\u00e3o da sociedade, a qual vem elogiando [&hellip;]<\/p>\n","protected":false},"author":7,"featured_media":17816,"comment_status":"open","ping_status":"open","sticky":false,"template":"","format":"standard","meta":{"footnotes":""},"categories":[45,1],"tags":[108],"class_list":["post-17810","post","type-post","status-publish","format-standard","has-post-thumbnail","hentry","category-cidades","category-noticias","tag-belmonte"],"_links":{"self":[{"href":"https:\/\/www.maisbn.com\/portal\/wp-json\/wp\/v2\/posts\/17810","targetHints":{"allow":["GET"]}}],"collection":[{"href":"https:\/\/www.maisbn.com\/portal\/wp-json\/wp\/v2\/posts"}],"about":[{"href":"https:\/\/www.maisbn.com\/portal\/wp-json\/wp\/v2\/types\/post"}],"author":[{"embeddable":true,"href":"https:\/\/www.maisbn.com\/portal\/wp-json\/wp\/v2\/users\/7"}],"replies":[{"embeddable":true,"href":"https:\/\/www.maisbn.com\/portal\/wp-json\/wp\/v2\/comments?post=17810"}],"version-history":[{"count":1,"href":"https:\/\/www.maisbn.com\/portal\/wp-json\/wp\/v2\/posts\/17810\/revisions"}],"predecessor-version":[{"id":17817,"href":"https:\/\/www.maisbn.com\/portal\/wp-json\/wp\/v2\/posts\/17810\/revisions\/17817"}],"wp:featuredmedia":[{"embeddable":true,"href":"https:\/\/www.maisbn.com\/portal\/wp-json\/wp\/v2\/media\/17816"}],"wp:attachment":[{"href":"https:\/\/www.maisbn.com\/portal\/wp-json\/wp\/v2\/media?parent=17810"}],"wp:term":[{"taxonomy":"category","embeddable":true,"href":"https:\/\/www.maisbn.com\/portal\/wp-json\/wp\/v2\/categories?post=17810"},{"taxonomy":"post_tag","embeddable":true,"href":"https:\/\/www.maisbn.com\/portal\/wp-json\/wp\/v2\/tags?post=17810"}],"curies":[{"name":"wp","href":"https:\/\/api.w.org\/{rel}","templated":true}]}}