{"id":17807,"date":"2018-03-06T22:42:05","date_gmt":"2018-03-07T01:42:05","guid":{"rendered":"http:\/\/www.maisbn.com\/portal\/?p=17807"},"modified":"2018-03-06T22:42:05","modified_gmt":"2018-03-07T01:42:05","slug":"deputado-janio-natal-e-politicos-da-regiao-se-manifestam-sobre-o-assalto-em-eunapolis","status":"publish","type":"post","link":"https:\/\/www.maisbn.com\/portal\/2018\/03\/deputado-janio-natal-e-politicos-da-regiao-se-manifestam-sobre-o-assalto-em-eunapolis\/","title":{"rendered":"Deputado J\u00e2nio Natal e pol\u00edticos da regi\u00e3o se manifestam sobre o assalto em Eun\u00e1polis."},"content":{"rendered":"<p style=\"font-weight: 300;\"><a href=\"http:\/\/www.maisbn.com\/portal\/wp-content\/uploads\/2016\/02\/dep_janio_natal.jpg\"><img loading=\"lazy\" decoding=\"async\" class=\"aligncenter size-full wp-image-10178\" src=\"http:\/\/www.maisbn.com\/portal\/wp-content\/uploads\/2016\/02\/dep_janio_natal.jpg\" alt=\"dep_janio_natal\" width=\"530\" height=\"352\" \/><\/a><\/p>\n<p style=\"font-weight: 300;\">O Deputado Estadual J\u00e2nio Natal se pronunciou com indigna\u00e7\u00e3o nessa ter\u00e7a-feira (06\/03) com rela\u00e7\u00e3o \u00e0 atua\u00e7\u00e3o dos marginais que protagonizaram cenas de viol\u00eancia e selvageria em um assalto \u00e0 empresa de valores PROSEGUR, em Eun\u00e1polis. O Deputado colocou em sua nota oficial que a viol\u00eancia \u00e9 um problema de todo o Brasil e que todos precisam se esfor\u00e7as pra erradicar essa praga. <strong><em>&#8220;\u00c0s fam\u00edlias atingidas, deixo a minha solidariedade e a certeza de que continuarei trabalhando, junto ao Governador Rui Costa, pleiteando efetivos e equipamentos suficientes para a PM, para que possamos proporcionar mais seguran\u00e7a \u00e0 popula\u00e7\u00e3o do Extremo Sul e de toda a Bahia!\u201d<\/em><\/strong>, declarou J\u00e2nio Natal.<\/p>\n<p style=\"font-weight: 300;\"><a href=\"http:\/\/www.maisbn.com\/portal\/wp-content\/uploads\/2018\/03\/9e9fd95523b6e0aa32b6b9cb1de91488_XL.jpg\"><img loading=\"lazy\" decoding=\"async\" class=\"aligncenter  wp-image-17808\" src=\"http:\/\/www.maisbn.com\/portal\/wp-content\/uploads\/2018\/03\/9e9fd95523b6e0aa32b6b9cb1de91488_XL.jpg\" alt=\"9e9fd95523b6e0aa32b6b9cb1de91488_XL\" width=\"600\" height=\"358\" \/><\/a><\/p>\n<p style=\"font-weight: 300;\">Quem tamb\u00e9m se pronunciou sobre o acontecido foi o Prefeito de Eun\u00e1polis, Fl\u00e1vio Bai\u00f4co. O mandat\u00e1rio eunapolitano lamentou o p\u00e2nico vivido pelos moradores durante a madrugada e disse que vai solicitar ao Governador Rui Costa melhorias urgentes na seguran\u00e7a p\u00fablica da cidade. O mesmo ainda comentou que ir\u00e1 pedir a transforma\u00e7\u00e3o da 7\u00aa CIPM em Batalh\u00e3o e com isso aumentar o efetivo local e o armamento dos policiais.\u00a0 O Prefeito tamb\u00e9m informou que pedir\u00e1 a amplia\u00e7\u00e3o da base operacional da CAEMA, constru\u00e7\u00e3o de bases de seguran\u00e7a nos bairros populares e a instala\u00e7\u00e3o de um posto da Policia Rodovi\u00e1ria Estadual na estrada da Col\u00f4nia. \u201c<strong><em>Passei essa madrugada acordado monitorando a situa\u00e7\u00e3o e a assist\u00eancia \u00e0s v\u00edtimas. Uma cidade como Eun\u00e1polis, com 115 mil habitantes, n\u00e3o pode ficar ref\u00e9m do crime organizado e viver cenas de viol\u00eancia sem poder de rea\u00e7\u00e3o. Temos que dialogar com o governador sobre as provid\u00eancias a ser tomadas\u201d<\/em><\/strong>, salientou Bai\u00f4co. <strong><em>\u201cOs comandantes das pol\u00edcias Civil e Militar se esfor\u00e7am, mas eles precisam ter estrutura para trabalhar e poder enfrentar a criminalidade cada vez mais organizada e bem armada\u201d<\/em><\/strong>, concluiu o prefeito.<\/p>\n","protected":false},"excerpt":{"rendered":"<p>O Deputado Estadual J\u00e2nio Natal se pronunciou com indigna\u00e7\u00e3o nessa ter\u00e7a-feira (06\/03) com rela\u00e7\u00e3o \u00e0 atua\u00e7\u00e3o dos marginais que protagonizaram cenas de viol\u00eancia e selvageria em um assalto \u00e0 empresa de valores PROSEGUR, em Eun\u00e1polis. O Deputado colocou em sua nota oficial que a viol\u00eancia \u00e9 um problema de todo o Brasil e que todos [&hellip;]<\/p>\n","protected":false},"author":7,"featured_media":10178,"comment_status":"open","ping_status":"open","sticky":false,"template":"","format":"standard","meta":{"footnotes":""},"categories":[1,16],"tags":[108],"class_list":["post-17807","post","type-post","status-publish","format-standard","has-post-thumbnail","hentry","category-noticias","category-policial","tag-belmonte"],"_links":{"self":[{"href":"https:\/\/www.maisbn.com\/portal\/wp-json\/wp\/v2\/posts\/17807","targetHints":{"allow":["GET"]}}],"collection":[{"href":"https:\/\/www.maisbn.com\/portal\/wp-json\/wp\/v2\/posts"}],"about":[{"href":"https:\/\/www.maisbn.com\/portal\/wp-json\/wp\/v2\/types\/post"}],"author":[{"embeddable":true,"href":"https:\/\/www.maisbn.com\/portal\/wp-json\/wp\/v2\/users\/7"}],"replies":[{"embeddable":true,"href":"https:\/\/www.maisbn.com\/portal\/wp-json\/wp\/v2\/comments?post=17807"}],"version-history":[{"count":1,"href":"https:\/\/www.maisbn.com\/portal\/wp-json\/wp\/v2\/posts\/17807\/revisions"}],"predecessor-version":[{"id":17809,"href":"https:\/\/www.maisbn.com\/portal\/wp-json\/wp\/v2\/posts\/17807\/revisions\/17809"}],"wp:featuredmedia":[{"embeddable":true,"href":"https:\/\/www.maisbn.com\/portal\/wp-json\/wp\/v2\/media\/10178"}],"wp:attachment":[{"href":"https:\/\/www.maisbn.com\/portal\/wp-json\/wp\/v2\/media?parent=17807"}],"wp:term":[{"taxonomy":"category","embeddable":true,"href":"https:\/\/www.maisbn.com\/portal\/wp-json\/wp\/v2\/categories?post=17807"},{"taxonomy":"post_tag","embeddable":true,"href":"https:\/\/www.maisbn.com\/portal\/wp-json\/wp\/v2\/tags?post=17807"}],"curies":[{"name":"wp","href":"https:\/\/api.w.org\/{rel}","templated":true}]}}