{"id":17742,"date":"2018-03-03T13:15:05","date_gmt":"2018-03-03T16:15:05","guid":{"rendered":"http:\/\/www.maisbn.com\/portal\/?p=17742"},"modified":"2018-03-03T13:15:05","modified_gmt":"2018-03-03T16:15:05","slug":"pm-apresenta-diagnostico-das-acoes-de-policiamento-em-porto-seguro","status":"publish","type":"post","link":"https:\/\/www.maisbn.com\/portal\/2018\/03\/pm-apresenta-diagnostico-das-acoes-de-policiamento-em-porto-seguro\/","title":{"rendered":"PM APRESENTA DIAGN\u00d3STICO DAS A\u00c7\u00d5ES DE POLICIAMENTO EM PORTO SEGURO."},"content":{"rendered":"<p><a href=\"http:\/\/www.maisbn.com\/portal\/wp-content\/uploads\/2018\/03\/WhatsApp-Image-2018-03-03-at-1.07.18-PM-1.jpeg\"><img loading=\"lazy\" decoding=\"async\" class=\"aligncenter size-full wp-image-17743\" src=\"http:\/\/www.maisbn.com\/portal\/wp-content\/uploads\/2018\/03\/WhatsApp-Image-2018-03-03-at-1.07.18-PM-1.jpeg\" alt=\"WhatsApp Image 2018-03-03 at 1.07.18 PM (1)\" width=\"588\" height=\"362\" \/><\/a><\/p>\n<p>Em sess\u00e3o ordin\u00e1ria realizada na C\u00e2mara de Vereadores de Porto Seguro o Comandante do 8\u00ba Batalh\u00e3o, ocupou a tribuna livre e apresentou um diagn\u00f3stico das a\u00e7\u00f5es de seguran\u00e7a p\u00fablica, referente \u00e0 Pol\u00edcia Militar no munic\u00edpio. Foram elencados recursos financeiros destinados ao 8\u00ba BPM no ano de 2017, os quais envolveram despesas com manuten\u00e7\u00e3o de viaturas, combust\u00edvel, capacita\u00e7\u00e3o, manuten\u00e7\u00e3o de instala\u00e7\u00f5es, material de consumo e outros meios utilizados na presta\u00e7\u00e3o de servi\u00e7os em eventos policiados, dentre estes, postos policiais e postos elevados m\u00f3veis.<\/p>\n<p>Tamb\u00e9m, foram apresentados os resultados das a\u00e7\u00f5es de policiamento ostensivo como apreens\u00e3o de armas de fogo, drogas e ve\u00edculos. Al\u00e9m da pris\u00e3o de pessoas em flagrante, abordagens, escoltas de presos e policiamento em eventos, este \u00faltimo atingindo o n\u00famero de 1.721 eventos somente no ano de 2017, na sua maioria vinculados \u00e0s festividades em geral, devido \u00e0 caracter\u00edstica tur\u00edstica da regi\u00e3o.<\/p>\n<p>O comando do 8\u00ba Batalh\u00e3o ainda apresentou um panorama das a\u00e7\u00f5es de pol\u00edcia comunit\u00e1ria desenvolvidas no per\u00edodo, a exemplo do Programa Jud\u00f4 pela Vida, Projeto Viver Melhor e o PROERD (Programa Educacional de Resist\u00eancia \u00e0s Drogas). Igualmente, foram disponibilizados dados relativos ao chamado controle interno disciplinar, como o fortalecimento das medidas correcionais e registro de atos elogiosos referentes as a\u00e7\u00f5es de destaque por parte do efetivo empregado na Unidade Policial.<\/p>\n<p><a href=\"http:\/\/www.maisbn.com\/portal\/wp-content\/uploads\/2018\/03\/WhatsApp-Image-2018-03-03-at-1.07.18-PM.jpeg\"><img loading=\"lazy\" decoding=\"async\" class=\"aligncenter  wp-image-17744\" src=\"http:\/\/www.maisbn.com\/portal\/wp-content\/uploads\/2018\/03\/WhatsApp-Image-2018-03-03-at-1.07.18-PM.jpeg\" alt=\"WhatsApp Image 2018-03-03 at 1.07.18 PM\" width=\"600\" height=\"525\" \/><\/a><\/p>\n<p>Na vis\u00e3o do Comandante do 8\u00ba Batalh\u00e3o de Pol\u00edcia Militar, Major PM Anacleto Fran\u00e7a, justifica-se o pronunciamento na tribuna livre da C\u00e2mara de Vereadores na medida em que a Pol\u00edcia Militar \u00e9 um \u00f3rg\u00e3o encarregado de aplicar a lei, e por isso, deve esclarecer a comunidade que serve as a\u00e7\u00f5es e os procedimentos adotados no exerc\u00edcio de sua atividade, da\u00ed nada melhor do que a C\u00e2mara de vereadores, formada por representantes de toda a sociedade para levar a mensagem relativa ao nosso desempenho aos mun\u00edcipes. Salienta ainda o Major Fran\u00e7a que o dever de prestar contas \u00e9 decorr\u00eancia natural da administra\u00e7\u00e3o. No caso do administrador p\u00fablico este dever se torna muito mais exig\u00edvel, pois, refere-se a gest\u00e3o de bens e interesses da coletividade. Tornando-se um dever indeclin\u00e1vel de todo administrador p\u00fablico.<\/p>\n<p>Em seguida a explana\u00e7\u00e3o, foi aberta a palavra aos Vereadores para o debate, onde foram esclarecidos pontos relativos a estrat\u00e9gia e t\u00e1ticas gerais do policiamento na \u00e1rea do 8\u00ba Batalh\u00e3o ( Porto Seguro, Santa Cruz Cabr\u00e1lia e Belmonte), com vista a preven\u00e7\u00e3o criminal, ponto essencial em qualquer pol\u00edtica de gest\u00e3o da seguran\u00e7a p\u00fablica, segundo o Comandante. Por fim, foi feito o agradecimento a todos os presentes, em nome da Pol\u00edcia Militar ao espa\u00e7o cedido pela C\u00e2mara de Vereadores na pessoa do Vereador Evair Fonseca, atual Presidente da Casa Legislativa.<\/p>\n<p>*ASCOM. 8\u00b0BPM-PORTO SEGURO*<\/p>\n","protected":false},"excerpt":{"rendered":"<p>Em sess\u00e3o ordin\u00e1ria realizada na C\u00e2mara de Vereadores de Porto Seguro o Comandante do 8\u00ba Batalh\u00e3o, ocupou a tribuna livre e apresentou um diagn\u00f3stico das a\u00e7\u00f5es de seguran\u00e7a p\u00fablica, referente \u00e0 Pol\u00edcia Militar no munic\u00edpio. Foram elencados recursos financeiros destinados ao 8\u00ba BPM no ano de 2017, os quais envolveram despesas com manuten\u00e7\u00e3o de viaturas, [&hellip;]<\/p>\n","protected":false},"author":7,"featured_media":17743,"comment_status":"open","ping_status":"open","sticky":false,"template":"","format":"standard","meta":{"footnotes":""},"categories":[1,16],"tags":[108],"class_list":["post-17742","post","type-post","status-publish","format-standard","has-post-thumbnail","hentry","category-noticias","category-policial","tag-belmonte"],"_links":{"self":[{"href":"https:\/\/www.maisbn.com\/portal\/wp-json\/wp\/v2\/posts\/17742","targetHints":{"allow":["GET"]}}],"collection":[{"href":"https:\/\/www.maisbn.com\/portal\/wp-json\/wp\/v2\/posts"}],"about":[{"href":"https:\/\/www.maisbn.com\/portal\/wp-json\/wp\/v2\/types\/post"}],"author":[{"embeddable":true,"href":"https:\/\/www.maisbn.com\/portal\/wp-json\/wp\/v2\/users\/7"}],"replies":[{"embeddable":true,"href":"https:\/\/www.maisbn.com\/portal\/wp-json\/wp\/v2\/comments?post=17742"}],"version-history":[{"count":2,"href":"https:\/\/www.maisbn.com\/portal\/wp-json\/wp\/v2\/posts\/17742\/revisions"}],"predecessor-version":[{"id":17746,"href":"https:\/\/www.maisbn.com\/portal\/wp-json\/wp\/v2\/posts\/17742\/revisions\/17746"}],"wp:featuredmedia":[{"embeddable":true,"href":"https:\/\/www.maisbn.com\/portal\/wp-json\/wp\/v2\/media\/17743"}],"wp:attachment":[{"href":"https:\/\/www.maisbn.com\/portal\/wp-json\/wp\/v2\/media?parent=17742"}],"wp:term":[{"taxonomy":"category","embeddable":true,"href":"https:\/\/www.maisbn.com\/portal\/wp-json\/wp\/v2\/categories?post=17742"},{"taxonomy":"post_tag","embeddable":true,"href":"https:\/\/www.maisbn.com\/portal\/wp-json\/wp\/v2\/tags?post=17742"}],"curies":[{"name":"wp","href":"https:\/\/api.w.org\/{rel}","templated":true}]}}