{"id":17724,"date":"2018-03-01T19:37:57","date_gmt":"2018-03-01T22:37:57","guid":{"rendered":"http:\/\/www.maisbn.com\/portal\/?p=17724"},"modified":"2018-03-01T19:37:57","modified_gmt":"2018-03-01T22:37:57","slug":"lei-beneficia-o-uber-mas-regulamentacoes-municipais-podem-causar-problemas-para-a-empresa","status":"publish","type":"post","link":"https:\/\/www.maisbn.com\/portal\/2018\/03\/lei-beneficia-o-uber-mas-regulamentacoes-municipais-podem-causar-problemas-para-a-empresa\/","title":{"rendered":"Lei beneficia o Uber, mas regulamenta\u00e7\u00f5es municipais podem causar problemas para a empresa."},"content":{"rendered":"<p><a href=\"http:\/\/www.maisbn.com\/portal\/wp-content\/uploads\/2018\/03\/uber3.jpg\"><img loading=\"lazy\" decoding=\"async\" class=\"aligncenter  wp-image-17725\" src=\"http:\/\/www.maisbn.com\/portal\/wp-content\/uploads\/2018\/03\/uber3.jpg\" alt=\"uber3\" width=\"600\" height=\"336\" \/><\/a><\/p>\n<p>Aplicativos de transporte como o Uber, Cabify e 99 tiveram uma vit\u00f3ria na noite desta quarta-feira (28), quando a C\u00e2mara dos Deputados decidiu que os carros que prestam servi\u00e7o aos aplicativos n\u00e3o precisam de placas vermelhas. A decis\u00e3o tamb\u00e9m permite que carros que n\u00e3o sejam de propriedade dos motoristas prestadores de servi\u00e7o, como carros alugados, possam circular normalmente. Outra novidade aprovada pela C\u00e2mara \u00e9 um carro particular emplacado em um determinado munic\u00edpio poder\u00e1 fornecer servi\u00e7os pelos aplicativos em outras localidades, permitindo viagens entre cidades.<\/p>\n<p>Apesar de ter derrubado pontos importantes para a regulamenta\u00e7\u00e3o dos aplicativos, a C\u00e2mara tamb\u00e9m decidiu que cada munic\u00edpio do pa\u00eds tem autonomia para definir como os servi\u00e7os dever\u00e3o funcionar em seus territ\u00f3rios. Por isso, \u00e9 poss\u00edvel que alguns munic\u00edpios exijam a utiliza\u00e7\u00e3o de placas vermelhas e impe\u00e7am que\u00a0carros particulares emplacados em outros munic\u00edpios prestem servi\u00e7o \u2014 ou pior: eles podem at\u00e9 mesmo proibir o funcionamento do servi\u00e7o, como acontece em Porto Seguro onde o Lobby dos taxistas fizeram a C\u00e2mara de Vereadores aprovar uma lei proibindo a opera\u00e7\u00e3o do aplicativo Uber em todo o munic\u00edpio.<\/p>\n<p><strong>Comemora\u00e7\u00e3o<\/strong><\/p>\n<p>A Uber e o Cabify fizeram diversas campanhas publicit\u00e1rias pedindo apoio \u00e0 causa dos aplicativos de mobilidade urbana. Em comunicado enviado a imprensa, a Uber diz que &#8220;<strong><em>sempre defendeu uma regulamenta\u00e7\u00e3o moderna para o transporte individual privado prestado por meio de aplicativos. Em vez de proibir, o texto regulamenta a atividade dos motoristas parceiros e organiza crit\u00e9rios para os aplicativos operarem&#8221;<\/em><\/strong>. J\u00e1 o Cabify acredita que &#8220;<strong><em>o resultado [da vota\u00e7\u00e3o] coloca o Brasil como protagonista na vanguarda da inova\u00e7\u00e3o e na constru\u00e7\u00e3o de solu\u00e7\u00f5es para a mobilidade urbana ao estabelecer uma regulamenta\u00e7\u00e3o equilibrada e sinalizar positivamente para investimentos ligados \u00e0 inova\u00e7\u00e3o&#8221;<\/em><\/strong>.<\/p>\n<p>O texto do Projeto de Lei 5587\/16 segue agora para san\u00e7\u00e3o de Michel Temer, que tem o poder de aprovar as decis\u00f5es da C\u00e2mara, vetar apenas parte do conte\u00fado ou vetar totalmente a proposta. Ele ter\u00e1 15 dias para definir seu posicionamento.<\/p>\n<p class=\"source\"><strong><em>Fonte:\u00a0C\u00e2mara dos Deputados<\/em><\/strong><\/p>\n","protected":false},"excerpt":{"rendered":"<p>Aplicativos de transporte como o Uber, Cabify e 99 tiveram uma vit\u00f3ria na noite desta quarta-feira (28), quando a C\u00e2mara dos Deputados decidiu que os carros que prestam servi\u00e7o aos aplicativos n\u00e3o precisam de placas vermelhas. A decis\u00e3o tamb\u00e9m permite que carros que n\u00e3o sejam de propriedade dos motoristas prestadores de servi\u00e7o, como carros alugados, [&hellip;]<\/p>\n","protected":false},"author":7,"featured_media":17725,"comment_status":"open","ping_status":"open","sticky":false,"template":"","format":"standard","meta":{"footnotes":""},"categories":[45,1],"tags":[108],"class_list":["post-17724","post","type-post","status-publish","format-standard","has-post-thumbnail","hentry","category-cidades","category-noticias","tag-belmonte"],"_links":{"self":[{"href":"https:\/\/www.maisbn.com\/portal\/wp-json\/wp\/v2\/posts\/17724","targetHints":{"allow":["GET"]}}],"collection":[{"href":"https:\/\/www.maisbn.com\/portal\/wp-json\/wp\/v2\/posts"}],"about":[{"href":"https:\/\/www.maisbn.com\/portal\/wp-json\/wp\/v2\/types\/post"}],"author":[{"embeddable":true,"href":"https:\/\/www.maisbn.com\/portal\/wp-json\/wp\/v2\/users\/7"}],"replies":[{"embeddable":true,"href":"https:\/\/www.maisbn.com\/portal\/wp-json\/wp\/v2\/comments?post=17724"}],"version-history":[{"count":1,"href":"https:\/\/www.maisbn.com\/portal\/wp-json\/wp\/v2\/posts\/17724\/revisions"}],"predecessor-version":[{"id":17726,"href":"https:\/\/www.maisbn.com\/portal\/wp-json\/wp\/v2\/posts\/17724\/revisions\/17726"}],"wp:featuredmedia":[{"embeddable":true,"href":"https:\/\/www.maisbn.com\/portal\/wp-json\/wp\/v2\/media\/17725"}],"wp:attachment":[{"href":"https:\/\/www.maisbn.com\/portal\/wp-json\/wp\/v2\/media?parent=17724"}],"wp:term":[{"taxonomy":"category","embeddable":true,"href":"https:\/\/www.maisbn.com\/portal\/wp-json\/wp\/v2\/categories?post=17724"},{"taxonomy":"post_tag","embeddable":true,"href":"https:\/\/www.maisbn.com\/portal\/wp-json\/wp\/v2\/tags?post=17724"}],"curies":[{"name":"wp","href":"https:\/\/api.w.org\/{rel}","templated":true}]}}