{"id":17721,"date":"2018-03-01T17:44:37","date_gmt":"2018-03-01T20:44:37","guid":{"rendered":"http:\/\/www.maisbn.com\/portal\/?p=17721"},"modified":"2018-03-01T17:44:37","modified_gmt":"2018-03-01T20:44:37","slug":"prefeitura-de-belmonte-cumpre-acordo-com-professores-e-trabalha-para-iniciar-as-aulas-o-mais-rapido-possivel","status":"publish","type":"post","link":"https:\/\/www.maisbn.com\/portal\/2018\/03\/prefeitura-de-belmonte-cumpre-acordo-com-professores-e-trabalha-para-iniciar-as-aulas-o-mais-rapido-possivel\/","title":{"rendered":"Prefeitura de Belmonte cumpre acordo com professores e trabalha para iniciar as aulas o mais r\u00e1pido poss\u00edvel."},"content":{"rendered":"<p>A Prefeitura de Belmonte creditou na contas dos professores a primeira parcela referente aos retroativos do ano de 2017, atendendo ao acordo firmado com a categoria no \u00faltimo dia 27\/02. Agora a Secretaria de Educa\u00e7\u00e3o corre contra o tempo para iniciar o ano letivo na rede municipal de ensino na pr\u00f3xima segunda-feira (05\/03).<\/p>\n<div id=\"attachment_13389\" style=\"width: 610px\" class=\"wp-caption aligncenter\"><a href=\"http:\/\/www.maisbn.com\/portal\/wp-content\/uploads\/2016\/12\/secretarioEducacao00001.jpg\"><img loading=\"lazy\" decoding=\"async\" aria-describedby=\"caption-attachment-13389\" class=\"wp-image-13389\" src=\"http:\/\/www.maisbn.com\/portal\/wp-content\/uploads\/2016\/12\/secretarioEducacao00001.jpg\" alt=\"secretarioeducacao00001\" width=\"600\" height=\"380\" \/><\/a><p id=\"caption-attachment-13389\" class=\"wp-caption-text\">Paulo Carvalho, Secret\u00e1rio Municipal de Educa\u00e7\u00e3o.<\/p><\/div>\n<p>No caso das escolas do interior, o Secret\u00e1rio Municipal de Educa\u00e7\u00e3o, Paulo Carvalho, nos explicou que o in\u00edcio das aulas sofrer\u00e1 um pequeno atraso devido ao processo de contrata\u00e7\u00e3o professores extras porque os efetivos n\u00e3o s\u00e3o suficientes para cobrir todas as unidades escolares de Belmonte.\u00a0<em><strong>&#8220;Estamos correndo contra o tempo para come\u00e7ar logo o ano letivo. O problema \u00e9 que n\u00e3o pod\u00edamos contratar professores para trabalharem nos distritos sem saber quando aconteceria o fim da greve da categoria.&#8221;<\/strong><\/em> &#8211; Comentou o Secret\u00e1rio.<\/p>\n<p><a href=\"http:\/\/www.maisbn.com\/portal\/wp-content\/uploads\/2018\/03\/escola-3.jpg\"><img loading=\"lazy\" decoding=\"async\" class=\"aligncenter  wp-image-17722\" src=\"http:\/\/www.maisbn.com\/portal\/wp-content\/uploads\/2018\/03\/escola-3.jpg\" alt=\"escola-3\" width=\"600\" height=\"400\" \/><\/a><\/p>\n<p>Perguntado sobre a Semana Pedag\u00f3gica, o Secret\u00e1rio de Educa\u00e7\u00e3o informou que a prioridade \u00e9 o in\u00edcio das aulas e que as oficinas que marcam a Semana Pedag\u00f3gica podem acontecer em outra data a ser marcada pela gest\u00e3o municipal. <strong><em>&#8220;N\u00f3s iremos marcar uma data posterior para acontecer as oficinas educacionais para n\u00e3o prejudicar ainda mais o ano letivo. Os esfor\u00e7os agora \u00e9 para iniciar as aulas e todas as equipes da Prefeitura e os Professores est\u00e3o empenhados para que isso aconte\u00e7a o mais r\u00e1pido poss\u00edvel.&#8221;<\/em> <\/strong>&#8211; Finalizou Paulo Carvalho.<\/p>\n","protected":false},"excerpt":{"rendered":"<p>A Prefeitura de Belmonte creditou na contas dos professores a primeira parcela referente aos retroativos do ano de 2017, atendendo ao acordo firmado com a categoria no \u00faltimo dia 27\/02. Agora a Secretaria de Educa\u00e7\u00e3o corre contra o tempo para iniciar o ano letivo na rede municipal de ensino na pr\u00f3xima segunda-feira (05\/03). No caso [&hellip;]<\/p>\n","protected":false},"author":7,"featured_media":17722,"comment_status":"open","ping_status":"open","sticky":false,"template":"","format":"standard","meta":{"footnotes":""},"categories":[8,1],"tags":[108],"class_list":["post-17721","post","type-post","status-publish","format-standard","has-post-thumbnail","hentry","category-educacao","category-noticias","tag-belmonte"],"_links":{"self":[{"href":"https:\/\/www.maisbn.com\/portal\/wp-json\/wp\/v2\/posts\/17721","targetHints":{"allow":["GET"]}}],"collection":[{"href":"https:\/\/www.maisbn.com\/portal\/wp-json\/wp\/v2\/posts"}],"about":[{"href":"https:\/\/www.maisbn.com\/portal\/wp-json\/wp\/v2\/types\/post"}],"author":[{"embeddable":true,"href":"https:\/\/www.maisbn.com\/portal\/wp-json\/wp\/v2\/users\/7"}],"replies":[{"embeddable":true,"href":"https:\/\/www.maisbn.com\/portal\/wp-json\/wp\/v2\/comments?post=17721"}],"version-history":[{"count":1,"href":"https:\/\/www.maisbn.com\/portal\/wp-json\/wp\/v2\/posts\/17721\/revisions"}],"predecessor-version":[{"id":17723,"href":"https:\/\/www.maisbn.com\/portal\/wp-json\/wp\/v2\/posts\/17721\/revisions\/17723"}],"wp:featuredmedia":[{"embeddable":true,"href":"https:\/\/www.maisbn.com\/portal\/wp-json\/wp\/v2\/media\/17722"}],"wp:attachment":[{"href":"https:\/\/www.maisbn.com\/portal\/wp-json\/wp\/v2\/media?parent=17721"}],"wp:term":[{"taxonomy":"category","embeddable":true,"href":"https:\/\/www.maisbn.com\/portal\/wp-json\/wp\/v2\/categories?post=17721"},{"taxonomy":"post_tag","embeddable":true,"href":"https:\/\/www.maisbn.com\/portal\/wp-json\/wp\/v2\/tags?post=17721"}],"curies":[{"name":"wp","href":"https:\/\/api.w.org\/{rel}","templated":true}]}}