{"id":17714,"date":"2018-03-01T16:35:56","date_gmt":"2018-03-01T19:35:56","guid":{"rendered":"http:\/\/www.maisbn.com\/portal\/?p=17714"},"modified":"2018-03-01T16:35:56","modified_gmt":"2018-03-01T19:35:56","slug":"prefeitura-de-belmonte-adere-ao-programa-internet-para-todos-do-governo-federal","status":"publish","type":"post","link":"https:\/\/www.maisbn.com\/portal\/2018\/03\/prefeitura-de-belmonte-adere-ao-programa-internet-para-todos-do-governo-federal\/","title":{"rendered":"Prefeitura de Belmonte adere ao Programa Internet para Todos do Governo Federal."},"content":{"rendered":"<p>A Prefeitura de Belmonte manifestou interesse e est\u00e1 entre os 42% dos munic\u00edpios baianos que aderiram ao Programa Internet para Todos promovido pelo Governo Federal onde a Uni\u00e3o promete dar conectividade para locais que n\u00e3o contam com o acesso \u00e0 internet banda larga.<\/p>\n<p><a href=\"http:\/\/www.maisbn.com\/portal\/wp-content\/uploads\/2018\/03\/IMG_5743.jpg\"><img loading=\"lazy\" decoding=\"async\" class=\"aligncenter  wp-image-17715\" src=\"http:\/\/www.maisbn.com\/portal\/wp-content\/uploads\/2018\/03\/IMG_5743.jpg\" alt=\"IMG_5743\" width=\"600\" height=\"400\" \/><\/a><\/p>\n<p>O programa foi lan\u00e7ado no \u00faltimo dia 29\/01 pelo Ministro de Ci\u00eancias, Tecnologia, Inova\u00e7\u00f5es e Comunica\u00e7\u00f5es, Gilberto Kassab. Os prefeitos interessados precisam assinar um termo de ades\u00e3o onde se comprometem a disponibilizar um local com infraestrutura para instala\u00e7\u00e3o da conex\u00e3o e tamb\u00e9m ter\u00e3o que assumir os custos da energia usada para o funcionamento dos equipamentos. O Sr.\u00a0Am\u00e9rico Bernardes, Diretor de Inclus\u00e3o Digital do MCTIC, salientou que o servi\u00e7o de Banda Larga prestado n\u00e3o ser\u00e1 gratuito a toda a popula\u00e7\u00e3o dos munic\u00edpios atendidos, mas funcionar\u00e1 a pre\u00e7os reduzidos. <strong><em>\u201cMuitas vezes a empresa tem um \u00f4nus grande para manter essa infraestrutura. Ent\u00e3o, a empresa que atender essas localidades, por ter essas garantias e isen\u00e7\u00f5es, pode oferecer um produto com um pre\u00e7o menor\u201d<\/em><\/strong>, explicou Bernardes. Uma op\u00e7\u00e3o dada aos gestores durante a apresenta\u00e7\u00e3o foi a de encaminhar \u00e0s suas respectivas C\u00e2maras de Vereadores um projeto de lei que isente a opera\u00e7\u00e3o da cobran\u00e7a de Imposto sobre Servi\u00e7os (ISS) e Circula\u00e7\u00e3o de Mercadorias e Servi\u00e7os (ICMS), de maneira a baratear a execu\u00e7\u00e3o do programa.<\/p>\n<p><a href=\"http:\/\/www.maisbn.com\/portal\/wp-content\/uploads\/2018\/03\/1517857454.jpg\"><img loading=\"lazy\" decoding=\"async\" class=\"aligncenter  wp-image-17717\" src=\"http:\/\/www.maisbn.com\/portal\/wp-content\/uploads\/2018\/03\/1517857454-e1519931879444.jpg\" alt=\"1517857454\" width=\"596\" height=\"336\" \/><\/a><\/p>\n<p>Qualquer empresa prestadora de servi\u00e7o de internet banda larga pode participar do Programa Internet Para Todos e as inscri\u00e7\u00f5es para elas j\u00e1 est\u00e3o abertas desde o dia 08\/02.\u00a0As empresas interessadas em prover o servi\u00e7o em parceira com as gest\u00f5es locais, de acordo com aquilo que prop\u00f5e a Portaria n\u00ba 7.437\/2017, da Secretaria de Telecomunica\u00e7\u00f5es do MCTIC, deve indicar a localidade de interesse, demonstrar documentalmente capacidade para atend\u00ea-la e apresentar proposta de atendimento indicando velocidades, cronograma, estimativa de pre\u00e7o, tecnologia e servi\u00e7o a ser ofertado, al\u00e9m de comprovar que atende aos requisitos previstos pela Ag\u00eancia Nacional de Telecomunica\u00e7\u00f5es (Anatel) para a presta\u00e7\u00e3o do Servi\u00e7o de Comunica\u00e7\u00e3o Multim\u00eddia.<\/p>\n<p><a href=\"http:\/\/www.maisbn.com\/portal\/wp-content\/uploads\/2018\/03\/39973537701_51e65bc2e3_z.jpg\"><img loading=\"lazy\" decoding=\"async\" class=\"aligncenter  wp-image-17716\" src=\"http:\/\/www.maisbn.com\/portal\/wp-content\/uploads\/2018\/03\/39973537701_51e65bc2e3_z.jpg\" alt=\"39973537701_51e65bc2e3_z\" width=\"600\" height=\"400\" \/><\/a><\/p>\n<p>O Prefeito Janival Borges informou que esteve presente no lan\u00e7amento do Programa Internet para Todos e rapidamente disponibilizou todos os dados pedidos pelo Governo Federal para firmar essa importante parceria. O gestor belmontense ainda comentou que a Prefeitura n\u00e3o poupar\u00e1 esfor\u00e7os e que disponibilizar\u00e1 equipes e apoio necess\u00e1rio para cumprir todas as exig\u00eancias do Programa. <em><strong>&#8220;Essa \u00e9 uma grande oportunidade para realizar um sonho meu que existe desde antes de ser candidato a Prefeito, que era levar internet a territ\u00f3rios do munic\u00edpio onde essa importante ferramenta ainda n\u00e3o existe e interconectar a cidade atrav\u00e9s de uma rede banda larga de alta qualidade. Estou esperando agora os pr\u00f3ximos passos e j\u00e1 pedi ao Deputado J\u00e2nio Natal que me ajude a agilizar todo o processo e disponibilizar essa importante ferramenta para a nossa comunidade.&#8221;<\/strong><\/em> &#8211; Finalizou o Prefeito.<\/p>\n<p>&nbsp;<\/p>\n<p>&nbsp;<\/p>\n","protected":false},"excerpt":{"rendered":"<p>A Prefeitura de Belmonte manifestou interesse e est\u00e1 entre os 42% dos munic\u00edpios baianos que aderiram ao Programa Internet para Todos promovido pelo Governo Federal onde a Uni\u00e3o promete dar conectividade para locais que n\u00e3o contam com o acesso \u00e0 internet banda larga. O programa foi lan\u00e7ado no \u00faltimo dia 29\/01 pelo Ministro de Ci\u00eancias, [&hellip;]<\/p>\n","protected":false},"author":7,"featured_media":17717,"comment_status":"open","ping_status":"open","sticky":false,"template":"","format":"standard","meta":{"footnotes":""},"categories":[45,1],"tags":[108],"class_list":["post-17714","post","type-post","status-publish","format-standard","has-post-thumbnail","hentry","category-cidades","category-noticias","tag-belmonte"],"_links":{"self":[{"href":"https:\/\/www.maisbn.com\/portal\/wp-json\/wp\/v2\/posts\/17714","targetHints":{"allow":["GET"]}}],"collection":[{"href":"https:\/\/www.maisbn.com\/portal\/wp-json\/wp\/v2\/posts"}],"about":[{"href":"https:\/\/www.maisbn.com\/portal\/wp-json\/wp\/v2\/types\/post"}],"author":[{"embeddable":true,"href":"https:\/\/www.maisbn.com\/portal\/wp-json\/wp\/v2\/users\/7"}],"replies":[{"embeddable":true,"href":"https:\/\/www.maisbn.com\/portal\/wp-json\/wp\/v2\/comments?post=17714"}],"version-history":[{"count":1,"href":"https:\/\/www.maisbn.com\/portal\/wp-json\/wp\/v2\/posts\/17714\/revisions"}],"predecessor-version":[{"id":17718,"href":"https:\/\/www.maisbn.com\/portal\/wp-json\/wp\/v2\/posts\/17714\/revisions\/17718"}],"wp:featuredmedia":[{"embeddable":true,"href":"https:\/\/www.maisbn.com\/portal\/wp-json\/wp\/v2\/media\/17717"}],"wp:attachment":[{"href":"https:\/\/www.maisbn.com\/portal\/wp-json\/wp\/v2\/media?parent=17714"}],"wp:term":[{"taxonomy":"category","embeddable":true,"href":"https:\/\/www.maisbn.com\/portal\/wp-json\/wp\/v2\/categories?post=17714"},{"taxonomy":"post_tag","embeddable":true,"href":"https:\/\/www.maisbn.com\/portal\/wp-json\/wp\/v2\/tags?post=17714"}],"curies":[{"name":"wp","href":"https:\/\/api.w.org\/{rel}","templated":true}]}}