{"id":17695,"date":"2018-02-28T13:35:29","date_gmt":"2018-02-28T16:35:29","guid":{"rendered":"http:\/\/www.maisbn.com\/portal\/?p=17695"},"modified":"2018-02-28T13:35:29","modified_gmt":"2018-02-28T16:35:29","slug":"vereadores-de-belmonte-aprovam-reajuste-dos-professores-e-abordam-os-problemas-da-cidade","status":"publish","type":"post","link":"https:\/\/www.maisbn.com\/portal\/2018\/02\/vereadores-de-belmonte-aprovam-reajuste-dos-professores-e-abordam-os-problemas-da-cidade\/","title":{"rendered":"Vereadores de Belmonte aprovam reajuste dos professores e abordam os problemas da cidade."},"content":{"rendered":"<p>A C\u00e2mara de Vereadores j\u00e1 aprovou o Projeto de Lei enviado pelo Prefeito Janival Borges que trata do reajuste do Piso Salarial dos professores que ser\u00e1 de 6,81% para esse ano. A aprova\u00e7\u00e3o aconteceu por meio de duas sess\u00f5es realizadas nessa semana com o objetivo de agilizar todo o processo. O Projeto seguiu para a san\u00e7\u00e3o do Prefeito Janival Borges.\u00a0 Al\u00e9m do reajuste dos professores, Os edis, durante a sess\u00e3o ordin\u00e1ria de segunda-feira (26\/02), usaram a tribuna da casa para abordar as dificuldades na \u00e1rea de seguran\u00e7a, sa\u00fade e educa\u00e7\u00e3o vividas pelo munic\u00edpio. Todos os vereadores que se manifestaram cobraram do Prefeito Janival Borges uma solu\u00e7\u00f5es para o problema, especialmente para os problemas de seguran\u00e7a vividos pelas comunidades do interior belmontense.<\/p>\n<p><a href=\"http:\/\/www.maisbn.com\/portal\/wp-content\/uploads\/2018\/02\/sessaocmara00003.jpg\"><img loading=\"lazy\" decoding=\"async\" class=\"aligncenter  wp-image-17697\" src=\"http:\/\/www.maisbn.com\/portal\/wp-content\/uploads\/2018\/02\/sessaocmara00003.jpg\" alt=\"sessaocmara00003\" width=\"601\" height=\"386\" \/><\/a><\/p>\n<p>No campo da seguran\u00e7a as cobran\u00e7as maiores partiram do Presidente do Legislativo, o vereador Aelson Matos (Calango), e do Vice-presidente, o tamb\u00e9m vereador Alfredo Aberceb. Aelson defendeu a busca de uma maior coopera\u00e7\u00e3o entre o munic\u00edpio e as for\u00e7as de seguran\u00e7a. O edil tamb\u00e9m voltou a defender a cria\u00e7\u00e3o da Guarda Municipal, projeto seu apresentado no ano de 2005. &#8220;<strong><em> O Prefeito tem que sentar com o comandante e discutir formas de como o munic\u00edpio pode contribuir com a pol\u00edcia. Tamb\u00e9m \u00e9 preciso criar a Guarda Municipal que ser\u00e1 mais uma for\u00e7a no combate \u00e0 viol\u00eancia em nossa cidade.&#8221;<\/em><\/strong> &#8211; Comentou Aelson.<\/p>\n<p><a href=\"http:\/\/www.maisbn.com\/portal\/wp-content\/uploads\/2018\/02\/mosaico_calango_alfredo.jpg\"><img loading=\"lazy\" decoding=\"async\" class=\"aligncenter  wp-image-17698\" src=\"http:\/\/www.maisbn.com\/portal\/wp-content\/uploads\/2018\/02\/mosaico_calango_alfredo.jpg\" alt=\"mosaico_calango_alfredo\" width=\"631\" height=\"201\" \/><\/a><\/p>\n<p>O Vice-presidente e Vereador Alfredo Aberceb tamb\u00e9m colocou sua preocupa\u00e7\u00e3o com rela\u00e7\u00e3o ao tamanho dos efetivos das policias civil e militar. O mesmo revelou que tem um ano cobrando uma solu\u00e7\u00e3o para o problema. <strong><em>&#8220;A Delegacia s\u00f3 funciona em hor\u00e1rio comercial e n\u00e3o abre nos feriados e domingos. O efetivo da Pol\u00edcia Militar n\u00e3o d\u00e1 para cobrir toda a extens\u00e3o do munic\u00edpio e est\u00e1 ficando preocupante o crescimento dos n\u00edveis de viol\u00eancia na cidade. Tem que se fazer alguma coisa porque a popula\u00e7\u00e3o vive assustada com as a\u00e7\u00f5es dos bandidos.&#8221;<\/em> <\/strong>&#8211; Finalizou o Vereador.<\/p>\n<p><a href=\"http:\/\/www.maisbn.com\/portal\/wp-content\/uploads\/2018\/02\/mosaico_camarahomenagem.jpg\"><img loading=\"lazy\" decoding=\"async\" class=\"aligncenter  wp-image-17699\" src=\"http:\/\/www.maisbn.com\/portal\/wp-content\/uploads\/2018\/02\/mosaico_camarahomenagem.jpg\" alt=\"mosaico_camarahomenagem\" width=\"600\" height=\"386\" \/><\/a><\/p>\n<p>Os edis tamb\u00e9m aproveitaram tamb\u00e9m para homenagear o Dr. Bruno Pessoa com uma Mo\u00e7\u00e3o de Aplauso pelos seus 09 anos de servi\u00e7os prestados \u00e0 popula\u00e7\u00e3o belmontense. A homenagem foi proposta pelo Vice-presidente Afredo Aberceb que ressaltou as qualidades e o empenho do profissional. Quem tamb\u00e9m foi homenageado foi o Policial Civil Edson, mas conhecido na cidade por Preto Edson. O mesmo recebeu a Mo\u00e7\u00e3o de Agradecimento pelos mais de 30 anos de presta\u00e7\u00e3o de servi\u00e7os na seguran\u00e7a da cidade e tamb\u00e9m na \u00e1rea de educa\u00e7\u00e3o. &#8220;<strong><em>Essas duas pessoas s\u00e3o um exemplo para todos os belmontenses e essas homenagens s\u00e3o os agradecimentos da comunidade pelos \u00f3timos trabalhos desempenhados por estes profissionais.&#8221;<\/em> <\/strong>&#8211; Finalizou Alfredo.<\/p>\n<p>&nbsp;<\/p>\n","protected":false},"excerpt":{"rendered":"<p>A C\u00e2mara de Vereadores j\u00e1 aprovou o Projeto de Lei enviado pelo Prefeito Janival Borges que trata do reajuste do Piso Salarial dos professores que ser\u00e1 de 6,81% para esse ano. A aprova\u00e7\u00e3o aconteceu por meio de duas sess\u00f5es realizadas nessa semana com o objetivo de agilizar todo o processo. O Projeto seguiu para a [&hellip;]<\/p>\n","protected":false},"author":7,"featured_media":17697,"comment_status":"open","ping_status":"open","sticky":false,"template":"","format":"standard","meta":{"footnotes":""},"categories":[45,1],"tags":[108],"class_list":["post-17695","post","type-post","status-publish","format-standard","has-post-thumbnail","hentry","category-cidades","category-noticias","tag-belmonte"],"_links":{"self":[{"href":"https:\/\/www.maisbn.com\/portal\/wp-json\/wp\/v2\/posts\/17695","targetHints":{"allow":["GET"]}}],"collection":[{"href":"https:\/\/www.maisbn.com\/portal\/wp-json\/wp\/v2\/posts"}],"about":[{"href":"https:\/\/www.maisbn.com\/portal\/wp-json\/wp\/v2\/types\/post"}],"author":[{"embeddable":true,"href":"https:\/\/www.maisbn.com\/portal\/wp-json\/wp\/v2\/users\/7"}],"replies":[{"embeddable":true,"href":"https:\/\/www.maisbn.com\/portal\/wp-json\/wp\/v2\/comments?post=17695"}],"version-history":[{"count":2,"href":"https:\/\/www.maisbn.com\/portal\/wp-json\/wp\/v2\/posts\/17695\/revisions"}],"predecessor-version":[{"id":17700,"href":"https:\/\/www.maisbn.com\/portal\/wp-json\/wp\/v2\/posts\/17695\/revisions\/17700"}],"wp:featuredmedia":[{"embeddable":true,"href":"https:\/\/www.maisbn.com\/portal\/wp-json\/wp\/v2\/media\/17697"}],"wp:attachment":[{"href":"https:\/\/www.maisbn.com\/portal\/wp-json\/wp\/v2\/media?parent=17695"}],"wp:term":[{"taxonomy":"category","embeddable":true,"href":"https:\/\/www.maisbn.com\/portal\/wp-json\/wp\/v2\/categories?post=17695"},{"taxonomy":"post_tag","embeddable":true,"href":"https:\/\/www.maisbn.com\/portal\/wp-json\/wp\/v2\/tags?post=17695"}],"curies":[{"name":"wp","href":"https:\/\/api.w.org\/{rel}","templated":true}]}}