{"id":17690,"date":"2018-02-27T12:59:38","date_gmt":"2018-02-27T15:59:38","guid":{"rendered":"http:\/\/www.maisbn.com\/portal\/?p=17690"},"modified":"2018-02-27T13:19:01","modified_gmt":"2018-02-27T16:19:01","slug":"acordo-entre-prefeito-e-professores-acaba-com-movimento-grevista-em-belmonte","status":"publish","type":"post","link":"https:\/\/www.maisbn.com\/portal\/2018\/02\/acordo-entre-prefeito-e-professores-acaba-com-movimento-grevista-em-belmonte\/","title":{"rendered":"Acordo entre Prefeito e Professores acaba com movimento grevista em Belmonte."},"content":{"rendered":"<p><a href=\"http:\/\/www.maisbn.com\/portal\/wp-content\/uploads\/2017\/11\/movimento_professores00038.jpg\"><img loading=\"lazy\" decoding=\"async\" class=\"aligncenter wp-image-16528\" src=\"http:\/\/www.maisbn.com\/portal\/wp-content\/uploads\/2017\/11\/movimento_professores00038.jpg\" alt=\"movimento_professores00038\" width=\"600\" height=\"385\" \/><\/a><\/p>\n<p>O impasse entre professores da rede p\u00fablica municipal de Belmonte e o Prefeito Janival Borges finalmente chegou ao fim. A APLB-Sindicato e a Prefeitura anunciaram na manh\u00e3 dessa ter\u00e7a-feira (27\/02) que a contraproposta feita pelos professores de efetuar o pagamento dos retroativos referentes ao reajuste do Piso Salarial da Categoria em 2017 em 04 parcelas foi aceita.<\/p>\n<p><a href=\"http:\/\/www.maisbn.com\/portal\/wp-content\/uploads\/2018\/02\/WhatsApp-Image-2018-02-21-at-13.05.40.jpeg\"><img loading=\"lazy\" decoding=\"async\" class=\"aligncenter wp-image-17619\" src=\"http:\/\/www.maisbn.com\/portal\/wp-content\/uploads\/2018\/02\/WhatsApp-Image-2018-02-21-at-13.05.40.jpeg\" alt=\"WhatsApp Image 2018-02-21 at 13.05.40\" width=\"600\" height=\"380\" \/><\/a><\/p>\n<p>As negocia\u00e7\u00f5es come\u00e7aram nessa ter\u00e7a-feira (26\/02) nas assembleias realizadas pela categoria para discutir a proposta anterior feita pelo Prefeito belmontense de pagar a d\u00edvida em 10 vezes. Os professores n\u00e3o aceitaram e pediram para que os valores fossem pagos em pelo menos duas parcelas, proposta que tamb\u00e9m n\u00e3o foi aceita pelo gestor que sugeriu o pagamento em 06 vezes. A \u00faltima contraproposta foi feita pelos professores que sugeriram o pagamento em 04 parcelas, com a primeira sendo paga imediatamente ap\u00f3s o acordo. As negocia\u00e7\u00f5es foram finalizadas no come\u00e7o da noite sem respostas do Prefeito Janival Borges que se encontra em Salvador.<\/p>\n<p><a href=\"http:\/\/www.maisbn.com\/portal\/wp-content\/uploads\/2018\/02\/83453476-70f1-44b8-892d-8974c3940cb0.jpg\"><img loading=\"lazy\" decoding=\"async\" class=\"aligncenter wp-image-17620\" src=\"http:\/\/www.maisbn.com\/portal\/wp-content\/uploads\/2018\/02\/83453476-70f1-44b8-892d-8974c3940cb0.jpg\" alt=\"83453476-70f1-44b8-892d-8974c3940cb0\" width=\"600\" height=\"380\" \/><\/a><\/p>\n<p>O Prefeito Janival Borges aceitou o acordo e confirmou em sua p\u00e1gina no Facebook que o pagamento da primeira parcela estar\u00e1 sendo creditado na conta dos professores nessa quarta-feira (01\/03). O mesmo ainda ressaltou que, diferentemente do que est\u00e1 sendo espalhado nas redes sociais, o 13\u00ba Sal\u00e1rio, 1\/3 de f\u00e9rias e sal\u00e1rios normais da categoria est\u00e3o todos em dia. <strong><em>&#8220;Nenhum direito da categoria foi suprimido e todos est\u00e3o com seus rendimentos sendo pagos todos os meses. O que estava sendo resolvido era a forma de pagar os retroativos e essa parte acaba de ser resolvida. Informo tamb\u00e9m que\u00a0j\u00e1 enviei o Projeto de Lei do Reajuste de 2018 para C\u00e2mara de Vereadores em car\u00e1ter de urg\u00eancia, mesmo a data base da categoria sendo no m\u00eas de maio. Essa a\u00e7\u00e3o mostra o nosso respeito com os respons\u00e1veis pela educa\u00e7\u00e3o e pelo futuro dos nossos jovens&#8221;<\/em><\/strong> &#8211; Concluiu o gestor.<\/p>\n<p><a href=\"http:\/\/www.maisbn.com\/portal\/wp-content\/uploads\/2018\/02\/WhatsApp-Image-2018-02-21-at-13.05.25.jpeg\"><img loading=\"lazy\" decoding=\"async\" class=\"aligncenter wp-image-17617\" src=\"http:\/\/www.maisbn.com\/portal\/wp-content\/uploads\/2018\/02\/WhatsApp-Image-2018-02-21-at-13.05.25.jpeg\" alt=\"WhatsApp Image 2018-02-21 at 13.05.25\" width=\"600\" height=\"380\" \/><\/a><\/p>\n<p>O Coordenador do n\u00facleo belmontense da APLB-Sindicato, Igor Suzart, informou \u00e0 nossa equipe que a categoria espera a efetua\u00e7\u00e3o do pagamento para p\u00f4r fim ao movimento grevista. &#8220;<strong><em>Estaremos \u00e0 disposi\u00e7\u00e3o da Secretaria Municipal de Educa\u00e7\u00e3o que definir\u00e1 o recome\u00e7o das aulas. Estamos felizes em tudo ter acabado bem e iremos trabalhar muito no intuito de compensar o tempo perdido.&#8221;<\/em><\/strong> &#8211; Comentou o coordenador.<\/p>\n","protected":false},"excerpt":{"rendered":"<p>O impasse entre professores da rede p\u00fablica municipal de Belmonte e o Prefeito Janival Borges finalmente chegou ao fim. A APLB-Sindicato e a Prefeitura anunciaram na manh\u00e3 dessa ter\u00e7a-feira (27\/02) que a contraproposta feita pelos professores de efetuar o pagamento dos retroativos referentes ao reajuste do Piso Salarial da Categoria em 2017 em 04 parcelas [&hellip;]<\/p>\n","protected":false},"author":7,"featured_media":17620,"comment_status":"open","ping_status":"open","sticky":false,"template":"","format":"standard","meta":{"footnotes":""},"categories":[8,1],"tags":[108],"class_list":["post-17690","post","type-post","status-publish","format-standard","has-post-thumbnail","hentry","category-educacao","category-noticias","tag-belmonte"],"_links":{"self":[{"href":"https:\/\/www.maisbn.com\/portal\/wp-json\/wp\/v2\/posts\/17690","targetHints":{"allow":["GET"]}}],"collection":[{"href":"https:\/\/www.maisbn.com\/portal\/wp-json\/wp\/v2\/posts"}],"about":[{"href":"https:\/\/www.maisbn.com\/portal\/wp-json\/wp\/v2\/types\/post"}],"author":[{"embeddable":true,"href":"https:\/\/www.maisbn.com\/portal\/wp-json\/wp\/v2\/users\/7"}],"replies":[{"embeddable":true,"href":"https:\/\/www.maisbn.com\/portal\/wp-json\/wp\/v2\/comments?post=17690"}],"version-history":[{"count":4,"href":"https:\/\/www.maisbn.com\/portal\/wp-json\/wp\/v2\/posts\/17690\/revisions"}],"predecessor-version":[{"id":17694,"href":"https:\/\/www.maisbn.com\/portal\/wp-json\/wp\/v2\/posts\/17690\/revisions\/17694"}],"wp:featuredmedia":[{"embeddable":true,"href":"https:\/\/www.maisbn.com\/portal\/wp-json\/wp\/v2\/media\/17620"}],"wp:attachment":[{"href":"https:\/\/www.maisbn.com\/portal\/wp-json\/wp\/v2\/media?parent=17690"}],"wp:term":[{"taxonomy":"category","embeddable":true,"href":"https:\/\/www.maisbn.com\/portal\/wp-json\/wp\/v2\/categories?post=17690"},{"taxonomy":"post_tag","embeddable":true,"href":"https:\/\/www.maisbn.com\/portal\/wp-json\/wp\/v2\/tags?post=17690"}],"curies":[{"name":"wp","href":"https:\/\/api.w.org\/{rel}","templated":true}]}}