{"id":17665,"date":"2018-02-25T17:08:39","date_gmt":"2018-02-25T20:08:39","guid":{"rendered":"http:\/\/www.maisbn.com\/portal\/?p=17665"},"modified":"2018-02-25T20:19:48","modified_gmt":"2018-02-25T23:19:48","slug":"belmontense-se-torna-um-dos-imortais-da-academia-de-letras-do-brasil","status":"publish","type":"post","link":"https:\/\/www.maisbn.com\/portal\/2018\/02\/belmontense-se-torna-um-dos-imortais-da-academia-de-letras-do-brasil\/","title":{"rendered":"Belmontense se torna um dos imortais da Academia de Letras do Brasil."},"content":{"rendered":"<p><a href=\"http:\/\/www.maisbn.com\/portal\/wp-content\/uploads\/2018\/02\/WhatsApp-Image-2018-02-24-at-1.18.27-AM.jpeg\"><img loading=\"lazy\" decoding=\"async\" class=\"aligncenter wp-image-17667\" src=\"http:\/\/www.maisbn.com\/portal\/wp-content\/uploads\/2018\/02\/WhatsApp-Image-2018-02-24-at-1.18.27-AM.jpeg\" alt=\"WhatsApp Image 2018-02-24 at 1.18.27 AM\" width=\"601\" height=\"361\" \/><\/a><\/p>\n<p>Belmonte agora tem um representante entre os imortais da Academia de Letras do Brasil (ALB). Estamos falando do poeta, escritor e pesquisador Herculano Assis Magnavita que recebeu a honraria em uma cerim\u00f4nia realizada na \u00faltima sexta-feira (23\/02), no Centro de Cultura em Porto Seguro. O belmontense, al\u00e9m de passar a ocupar uma cadeira na entidade, ainda foi condecorado como Presidente &#8220;Pro Tempore&#8221; da seccional da cidade de Belmonte e recebeu o t\u00edtulo de\u00a0Presidente da Casa do Poeta Brasileiro com o grau de Doutor em Filosofia e Fil\u00f3sofo Imortal &#8220;Honoris Causa&#8221; em reconhecimento \u00e0 sua gest\u00e3o e produ\u00e7\u00e3o fil\u00f3sofo\/liter\u00e1ria de repercuss\u00f5es internacionais.<\/p>\n<p><a href=\"http:\/\/www.maisbn.com\/portal\/wp-content\/uploads\/2018\/02\/WhatsApp-Image-2018-02-24-at-1.18.42-AM.jpeg\"><img loading=\"lazy\" decoding=\"async\" class=\"aligncenter wp-image-17668\" src=\"http:\/\/www.maisbn.com\/portal\/wp-content\/uploads\/2018\/02\/WhatsApp-Image-2018-02-24-at-1.18.42-AM-1000x750.jpeg\" alt=\"WhatsApp Image 2018-02-24 at 1.18.42 AM\" width=\"600\" height=\"450\" srcset=\"https:\/\/www.maisbn.com\/portal\/wp-content\/uploads\/2018\/02\/WhatsApp-Image-2018-02-24-at-1.18.42-AM-1000x750.jpeg 1000w, https:\/\/www.maisbn.com\/portal\/wp-content\/uploads\/2018\/02\/WhatsApp-Image-2018-02-24-at-1.18.42-AM.jpeg 1280w\" sizes=\"auto, (max-width: 600px) 100vw, 600px\" \/><\/a><\/p>\n<p>Herculano, que hoje \u00e9 Secret\u00e1rio Municipal de Turismo e Cultura da cidade de Belmonte, \u00e9 reconhecido nacional e internacionalmente por suas obras liter\u00e1rias onde tem como seus maiores expoentes os livros Alvorar, Rua dos Avessos e Cobra de Duas Cabe\u00e7as. O escritor ainda veio realizando em sua trajet\u00f3ria diversas pesquisas importantes onde o mesmo se destaca como um dos maiores defensores das riquezas culturais permeadas em toda a Costa do Descobrimento.<\/p>\n<p><a href=\"http:\/\/www.maisbn.com\/portal\/wp-content\/uploads\/2018\/02\/WhatsApp-Image-2018-02-24-at-1.18.40-AM.jpeg\"><img loading=\"lazy\" decoding=\"async\" class=\"aligncenter wp-image-17669\" src=\"http:\/\/www.maisbn.com\/portal\/wp-content\/uploads\/2018\/02\/WhatsApp-Image-2018-02-24-at-1.18.40-AM-1000x750.jpeg\" alt=\"WhatsApp Image 2018-02-24 at 1.18.40 AM\" width=\"600\" height=\"450\" srcset=\"https:\/\/www.maisbn.com\/portal\/wp-content\/uploads\/2018\/02\/WhatsApp-Image-2018-02-24-at-1.18.40-AM-1000x750.jpeg 1000w, https:\/\/www.maisbn.com\/portal\/wp-content\/uploads\/2018\/02\/WhatsApp-Image-2018-02-24-at-1.18.40-AM.jpeg 1280w\" sizes=\"auto, (max-width: 600px) 100vw, 600px\" \/><\/a><\/p>\n<p>Como novo imortal, Herculano Assis tem como miss\u00e3o ajuda a ALB no trabalho de levar a literatura brasileira para todos os recantos do Brasil. O belmontense tamb\u00e9m ir\u00e1 contribuir com as diversas a\u00e7\u00f5es da entidade voltadas \u00e0 prote\u00e7\u00e3o, produ\u00e7\u00e3o e difus\u00e3o dos conte\u00fados acad\u00eamicos produzidos pelos intelectuais da Costa do Descobrimento. Por fim, o escritor ainda auxiliar\u00e1 e incentivar\u00e1 os novos trabalhos com o intuito de conduzir os jovens escritores e garantir o futuro da classe liter\u00e1ria regional. &#8220;<strong><em>Eu me sinto orgulhoso pelo reconhecimento dos meus diversos trabalhos realizados e tamb\u00e9m me sinto orgulhoso de participar dessa miss\u00e3o t\u00e3o gratificante de promover a literatura e a cultura de minha terra e de meu povo.&#8221;<\/em><\/strong> &#8211; Comentou Herculano em suas palavras emocionadas.<\/p>\n<p>&nbsp;<\/p>\n","protected":false},"excerpt":{"rendered":"<p>Belmonte agora tem um representante entre os imortais da Academia de Letras do Brasil (ALB). Estamos falando do poeta, escritor e pesquisador Herculano Assis Magnavita que recebeu a honraria em uma cerim\u00f4nia realizada na \u00faltima sexta-feira (23\/02), no Centro de Cultura em Porto Seguro. O belmontense, al\u00e9m de passar a ocupar uma cadeira na entidade, [&hellip;]<\/p>\n","protected":false},"author":7,"featured_media":17667,"comment_status":"open","ping_status":"open","sticky":false,"template":"","format":"standard","meta":{"footnotes":""},"categories":[45,1],"tags":[108],"class_list":["post-17665","post","type-post","status-publish","format-standard","has-post-thumbnail","hentry","category-cidades","category-noticias","tag-belmonte"],"_links":{"self":[{"href":"https:\/\/www.maisbn.com\/portal\/wp-json\/wp\/v2\/posts\/17665","targetHints":{"allow":["GET"]}}],"collection":[{"href":"https:\/\/www.maisbn.com\/portal\/wp-json\/wp\/v2\/posts"}],"about":[{"href":"https:\/\/www.maisbn.com\/portal\/wp-json\/wp\/v2\/types\/post"}],"author":[{"embeddable":true,"href":"https:\/\/www.maisbn.com\/portal\/wp-json\/wp\/v2\/users\/7"}],"replies":[{"embeddable":true,"href":"https:\/\/www.maisbn.com\/portal\/wp-json\/wp\/v2\/comments?post=17665"}],"version-history":[{"count":2,"href":"https:\/\/www.maisbn.com\/portal\/wp-json\/wp\/v2\/posts\/17665\/revisions"}],"predecessor-version":[{"id":17672,"href":"https:\/\/www.maisbn.com\/portal\/wp-json\/wp\/v2\/posts\/17665\/revisions\/17672"}],"wp:featuredmedia":[{"embeddable":true,"href":"https:\/\/www.maisbn.com\/portal\/wp-json\/wp\/v2\/media\/17667"}],"wp:attachment":[{"href":"https:\/\/www.maisbn.com\/portal\/wp-json\/wp\/v2\/media?parent=17665"}],"wp:term":[{"taxonomy":"category","embeddable":true,"href":"https:\/\/www.maisbn.com\/portal\/wp-json\/wp\/v2\/categories?post=17665"},{"taxonomy":"post_tag","embeddable":true,"href":"https:\/\/www.maisbn.com\/portal\/wp-json\/wp\/v2\/tags?post=17665"}],"curies":[{"name":"wp","href":"https:\/\/api.w.org\/{rel}","templated":true}]}}